{"id":68841,"date":"2024-05-28T21:48:20","date_gmt":"2024-05-29T03:48:20","guid":{"rendered":"https:\/\/zonaroja.com.mx\/?p=68841"},"modified":"2024-05-28T21:48:22","modified_gmt":"2024-05-29T03:48:22","slug":"investigan-asesinato-a-balazos-de-una-mujer-y-un-individuo-en-amoltepec","status":"publish","type":"post","link":"https:\/\/zonaroja.com.mx\/?p=68841","title":{"rendered":"Investigan asesinato a balazos de una mujer y un individuo en Amoltepec"},"content":{"rendered":"\n<p>Ismael Garc\u00eda M.\/Zona Roja.<\/p>\n\n\n\n<p>Oaxaca de Ju\u00e1rez, Oax., a 28 de mayo de 2024.- En hechos distintos, una mujer y un var\u00f3n fueron asesinadas a balazos el fin de semana en Santiago Amoltepec, municipio de la regi\u00f3n Sierra Sur de Oaxaca.<\/p>\n\n\n\n<p>Hasta el momento no se tienen indicios de que est\u00e9n relacionados con los recientes tres cr\u00edmenes, registrados ayer en el mismo municipio.<\/p>\n\n\n\n<p>El pasado 20 de mayo, en un barranco de la localidad de Llano Nuevo, fue localizado el cuerpo sin vida de una femenina.<\/p>\n\n\n\n<p>La v\u00edctima presentaba varios impactos de arma de fuego en el pecho y en el cuello; fue identificada como Modesta P. V., de 40 a\u00f1os de edad. Hasta el momento se desconoce el m\u00f3vil del probable feminicidio.<\/p>\n\n\n\n<p>De acuerdo con reportes policiacos, el pasado 25 de mayo fue localizado un cuerpo sin vida, tambi\u00e9n por proyectiles de arma de fuego, en la rancher\u00eda Piedra Lisa.<\/p>\n\n\n\n<p>El hoy occiso respondi\u00f3 en vida al nombre de Gilberto G. R., de 31 a\u00f1os de edad, y las labores de levantamiento fueron llevadas a cabo la autoridad municipal.<\/p>\n\n\n\n<p>El entonces s\u00edndico municipal de Amoltepec \u2014asesinado ayer\u2014 se excus\u00f3 de informar a tiempo a la Fiscal\u00eda General del Estado acerca de estos homicidios, por el mal tiempo y las dificultades en la comunicaci\u00f3n telef\u00f3nica.<\/p>\n","protected":false},"excerpt":{"rendered":"<p>Ismael Garc\u00eda M.\/Zona Roja. Oaxaca de Ju\u00e1rez, Oax., a 28 de mayo de 2024.- En&hellip;<\/p>\n","protected":false},"author":2,"featured_media":68842,"comment_status":"closed","ping_status":"open","sticky":false,"template":"","format":"standard","meta":{"_lmt_disableupdate":"","_lmt_disable":"","_jetpack_memberships_contains_paid_content":false,"footnotes":""},"categories":[109,51],"tags":[860],"class_list":["post-68841","post","type-post","status-publish","format-standard","has-post-thumbnail","hentry","category-minuto-a-minuto","category-zona-roja","tag-santiago-amoltepec"],"jetpack_featured_media_url":"https:\/\/zonaroja.com.mx\/wp-content\/uploads\/2024\/05\/Palacio-municipal-Amoltepec.jpeg","jetpack_sharing_enabled":true,"_links":{"self":[{"href":"https:\/\/zonaroja.com.mx\/index.php?rest_route=\/wp\/v2\/posts\/68841","targetHints":{"allow":["GET"]}}],"collection":[{"href":"https:\/\/zonaroja.com.mx\/index.php?rest_route=\/wp\/v2\/posts"}],"about":[{"href":"https:\/\/zonaroja.com.mx\/index.php?rest_route=\/wp\/v2\/types\/post"}],"author":[{"embeddable":true,"href":"https:\/\/zonaroja.com.mx\/index.php?rest_route=\/wp\/v2\/users\/2"}],"replies":[{"embeddable":true,"href":"https:\/\/zonaroja.com.mx\/index.php?rest_route=%2Fwp%2Fv2%2Fcomments&post=68841"}],"version-history":[{"count":1,"href":"https:\/\/zonaroja.com.mx\/index.php?rest_route=\/wp\/v2\/posts\/68841\/revisions"}],"predecessor-version":[{"id":68843,"href":"https:\/\/zonaroja.com.mx\/index.php?rest_route=\/wp\/v2\/posts\/68841\/revisions\/68843"}],"wp:featuredmedia":[{"embeddable":true,"href":"https:\/\/zonaroja.com.mx\/index.php?rest_route=\/wp\/v2\/media\/68842"}],"wp:attachment":[{"href":"https:\/\/zonaroja.com.mx\/index.php?rest_route=%2Fwp%2Fv2%2Fmedia&parent=68841"}],"wp:term":[{"taxonomy":"category","embeddable":true,"href":"https:\/\/zonaroja.com.mx\/index.php?rest_route=%2Fwp%2Fv2%2Fcategories&post=68841"},{"taxonomy":"post_tag","embeddable":true,"href":"https:\/\/zonaroja.com.mx\/index.php?rest_route=%2Fwp%2Fv2%2Ftags&post=68841"}],"curies":[{"name":"wp","href":"https:\/\/api.w.org\/{rel}","templated":true}]}}