{"id":6885,"date":"2019-12-22T21:46:20","date_gmt":"2019-12-23T03:46:20","guid":{"rendered":"http:\/\/www.zonaroja.com.mx\/?p=6885"},"modified":"2019-12-22T21:46:22","modified_gmt":"2019-12-23T03:46:22","slug":"inauguran-arbol-de-pet-en-oaxaca-pero-por-inseguridad-podria-ser-retirado","status":"publish","type":"post","link":"https:\/\/zonaroja.com.mx\/?p=6885","title":{"rendered":"Inauguran \u00e1rbol de PET en Oaxaca\u2026 pero por inseguridad podr\u00eda ser retirado"},"content":{"rendered":"\n<p>Ismael\nGarc\u00eda\/Zona Roja.<\/p>\n\n\n\n<p>Oaxaca de\nJu\u00e1rez, Oax., 22 de diciembre de 2019.- Este domingo por la noche fue\ninaugurado en Oaxaca un \u00e1rbol navide\u00f1o monumental, \u00fanico en el pa\u00eds, porque fue\nelaborado con botellas de pl\u00e1stico recicladas y se ilumina con energ\u00eda solar.<\/p>\n\n\n\n<p>Sin embargo, podr\u00eda estar pocos d\u00edas al p\u00fablico debido a la inseguridad y a la falta de apoyo de los gobiernos estatal y municipal capitalino, dijo Daniel Barranco, representante de la asociaci\u00f3n \u201cOaxaca lo ocupa\u201d.<\/p>\n\n\n\n<figure class=\"wp-block-embed-twitter wp-block-embed is-type-rich is-provider-twitter\"><div class=\"wp-block-embed__wrapper\">\n<div class=\"twitter-tweet\"><blockquote class=\"twitter-tweet\" data-lang=\"es\"><p lang=\"es\" dir=\"ltr\"><a href=\"https:\/\/twitter.com\/hashtag\/OaxacaVerde?src=hash&amp;ref_src=twsrc%5Etfw\">#OaxacaVerde<\/a><br>En el parque \u201cEl Llano\u201d de la ciudad de <a href=\"https:\/\/twitter.com\/hashtag\/Oaxaca?src=hash&amp;ref_src=twsrc%5Etfw\">#Oaxaca<\/a>, el primer \u00e1rbol navide\u00f1o construido con PET e iluminado con energ\u00eda solar; proyecto de organismos civiles, sin ning\u00fan apoyo de gobierno. <a href=\"https:\/\/t.co\/rfIYyLnjoY\">pic.twitter.com\/rfIYyLnjoY<\/a><\/p>&mdash; Zona Roja Oaxaca (@MexRoja) <a href=\"https:\/\/twitter.com\/MexRoja\/status\/1208900959461466112?ref_src=twsrc%5Etfw\">23 de diciembre de 2019<\/a><\/blockquote><\/div>\n<\/div><\/figure>\n\n\n\n<p>La\nelaboraci\u00f3n del \u00e1rbol llev\u00f3 una semana, con una inversi\u00f3n aproximada de 30 mil\npesos, con el apoyo de al menos 10 organismos de la sociedad civil y enfocados\na la ecolog\u00eda y protecci\u00f3n al ambiente.<\/p>\n\n\n\n<p>\u201cNo hay apoyo del gobierno estatal ni tampoco municipal, nos hemos organizado para cuidar las cosas, pero ahora que ya hay p\u00e1neles pues es m\u00e1s complicado; queremos tenerlo hasta el 25 de diciembre para que la gente pueda verlo pero como no ha habido disposici\u00f3n de seguridad p\u00fablica estatal o municipal, quiz\u00e1 tengamos que retirarlo en dos d\u00edas, por el peligro que se roben los p\u00e1neles\u201d, dijo en entrevista el ambientalista.<\/p>\n\n\n\n<figure class=\"wp-block-embed-twitter wp-block-embed is-type-rich is-provider-twitter\"><div class=\"wp-block-embed__wrapper\">\n<div class=\"twitter-tweet\"><blockquote class=\"twitter-tweet\" data-lang=\"es\"><p lang=\"es\" dir=\"ltr\"><a href=\"https:\/\/twitter.com\/hashtag\/OaxacaVerde?src=hash&amp;ref_src=twsrc%5Etfw\">#OaxacaVerde<\/a><br>A la inauguraci\u00f3n del \u00e1rbol navide\u00f1o -elaborado con botes de pl\u00e1stico e iluminado con energ\u00eda solar- acudi\u00f3 como invitado especial el presidente de la Junta de Coordinaci\u00f3n Pol\u00edtica del <a href=\"https:\/\/twitter.com\/CongresoOaxLXIV?ref_src=twsrc%5Etfw\">@CongresoOaxLXIV<\/a>, <a href=\"https:\/\/twitter.com\/HoracioSosaOax?ref_src=twsrc%5Etfw\">@HoracioSosaOax<\/a>,quien convoc\u00f3 a seguir presentando el ambiente. <a href=\"https:\/\/t.co\/iVKBitBb6M\">pic.twitter.com\/iVKBitBb6M<\/a><\/p>&mdash; Zona Roja Oaxaca (@MexRoja) <a href=\"https:\/\/twitter.com\/MexRoja\/status\/1208930622976118784?ref_src=twsrc%5Etfw\">23 de diciembre de 2019<\/a><\/blockquote><\/div>\n<\/div><\/figure>\n\n\n\n<p>PROTEGER\nEL AMBIENTE<\/p>\n\n\n\n<p>En la\ninauguraci\u00f3n participaron legisladores y dirigentes de organismos civiles,\nadem\u00e1s de que fue amenizada con la banda infantil y juvenil \u201cNarciso \u2018Lico\u2019\nCarrillo\u201d, de la colonia Volcanes de la ciudad de Oaxaca.<\/p>\n\n\n\n<p>Como\ninvitado especial acudi\u00f3 el presidente de la Junta de Coordinaci\u00f3n Pol\u00edtica de\nla 64 Legislatura de Oaxaca, Horacio Sosa Villavicencio, quien reconoci\u00f3 la iniciativa\nde la sociedad civil.<\/p>\n\n\n\n<p>\u201cEs importante\nque hagamos conciencia qu\u00e9 est\u00e1 pasando con el planeta, estamos en crisis, con\nuna grave contaminaci\u00f3n; hoy tenemos que regresar al tiempo, a no contaminar, a\nque dejemos una mejor educaci\u00f3n a las nuevas generaciones.<\/p>\n\n\n\n<p>\u201cHoy m\u00e1s que nunca tenemos que trabajar de manera organizada, sociedad civil, Poder Legislativo y el gobierno estatal. Es compromiso de que trabajemos todos a favor de la madre tierra, la 64 Legislativa va estar trabajando a beneficio de todo\u201d, dijo durante su mensaje. <\/p>\n\n\n\n<figure class=\"wp-block-image\"><img decoding=\"async\" width=\"1024\" height=\"768\" src=\"http:\/\/www.zonaroja.com.mx\/wp-content\/uploads\/2019\/12\/\u00c1rbol-PET-1-1024x768.jpg\" alt=\"\" class=\"wp-image-6887\" srcset=\"https:\/\/zonaroja.com.mx\/wp-content\/uploads\/2019\/12\/\u00c1rbol-PET-1-1024x768.jpg 1024w, https:\/\/zonaroja.com.mx\/wp-content\/uploads\/2019\/12\/\u00c1rbol-PET-1-300x225.jpg 300w, https:\/\/zonaroja.com.mx\/wp-content\/uploads\/2019\/12\/\u00c1rbol-PET-1-768x576.jpg 768w, https:\/\/zonaroja.com.mx\/wp-content\/uploads\/2019\/12\/\u00c1rbol-PET-1-1170x878.jpg 1170w, https:\/\/zonaroja.com.mx\/wp-content\/uploads\/2019\/12\/\u00c1rbol-PET-1-1920x1440.jpg 1920w, https:\/\/zonaroja.com.mx\/wp-content\/uploads\/2019\/12\/\u00c1rbol-PET-1-585x439.jpg 585w, https:\/\/zonaroja.com.mx\/wp-content\/uploads\/2019\/12\/\u00c1rbol-PET-1.jpg 2016w\" sizes=\"(max-width: 1024px) 100vw, 1024px\" \/><\/figure>\n","protected":false},"excerpt":{"rendered":"<p>Ismael Garc\u00eda\/Zona Roja. Oaxaca de Ju\u00e1rez, Oax., 22 de diciembre de 2019.- Este domingo por&hellip;<\/p>\n","protected":false},"author":2,"featured_media":6886,"comment_status":"closed","ping_status":"open","sticky":false,"template":"","format":"standard","meta":{"_lmt_disableupdate":"","_lmt_disable":"","_jetpack_memberships_contains_paid_content":false,"footnotes":""},"categories":[109,52],"tags":[1166,444],"class_list":["post-6885","post","type-post","status-publish","format-standard","has-post-thumbnail","hentry","category-minuto-a-minuto","category-zona-verde","tag-arbol-de-pet-oaxaca","tag-horacio-sosa-villavicencio"],"jetpack_featured_media_url":"https:\/\/zonaroja.com.mx\/wp-content\/uploads\/2019\/12\/\u00c1rbol-PET-2.jpg","jetpack_sharing_enabled":true,"_links":{"self":[{"href":"https:\/\/zonaroja.com.mx\/index.php?rest_route=\/wp\/v2\/posts\/6885","targetHints":{"allow":["GET"]}}],"collection":[{"href":"https:\/\/zonaroja.com.mx\/index.php?rest_route=\/wp\/v2\/posts"}],"about":[{"href":"https:\/\/zonaroja.com.mx\/index.php?rest_route=\/wp\/v2\/types\/post"}],"author":[{"embeddable":true,"href":"https:\/\/zonaroja.com.mx\/index.php?rest_route=\/wp\/v2\/users\/2"}],"replies":[{"embeddable":true,"href":"https:\/\/zonaroja.com.mx\/index.php?rest_route=%2Fwp%2Fv2%2Fcomments&post=6885"}],"version-history":[{"count":1,"href":"https:\/\/zonaroja.com.mx\/index.php?rest_route=\/wp\/v2\/posts\/6885\/revisions"}],"predecessor-version":[{"id":6888,"href":"https:\/\/zonaroja.com.mx\/index.php?rest_route=\/wp\/v2\/posts\/6885\/revisions\/6888"}],"wp:featuredmedia":[{"embeddable":true,"href":"https:\/\/zonaroja.com.mx\/index.php?rest_route=\/wp\/v2\/media\/6886"}],"wp:attachment":[{"href":"https:\/\/zonaroja.com.mx\/index.php?rest_route=%2Fwp%2Fv2%2Fmedia&parent=6885"}],"wp:term":[{"taxonomy":"category","embeddable":true,"href":"https:\/\/zonaroja.com.mx\/index.php?rest_route=%2Fwp%2Fv2%2Fcategories&post=6885"},{"taxonomy":"post_tag","embeddable":true,"href":"https:\/\/zonaroja.com.mx\/index.php?rest_route=%2Fwp%2Fv2%2Ftags&post=6885"}],"curies":[{"name":"wp","href":"https:\/\/api.w.org\/{rel}","templated":true}]}}