{"id":68857,"date":"2024-05-29T11:30:00","date_gmt":"2024-05-29T17:30:00","guid":{"rendered":"https:\/\/zonaroja.com.mx\/?p=68857"},"modified":"2024-05-29T07:55:58","modified_gmt":"2024-05-29T13:55:58","slug":"donde-cierran-campanas-los-presidenciables","status":"publish","type":"post","link":"https:\/\/zonaroja.com.mx\/?p=68857","title":{"rendered":"\u00bfD\u00f3nde cierran campa\u00f1as los presidenciables?"},"content":{"rendered":"\n<p>Redacci\u00f3n\/Zona Roja Cdmx.<\/p>\n\n\n\n<p>Ciudad de M\u00e9xico, a 29 de mayo de 2024.- A menos de una semana de que se lleven a cabo elecciones, los candidatos presidenciales alistan sus cierres de campa\u00f1a con un llamado a acudir a sus simpatizantes.<\/p>\n\n\n\n<p>CLAUDIA SHEINBAUM<\/p>\n\n\n\n<p>La candidata de la coalici\u00f3n \u201cSigamos Haciendo Historia\u201d, Claudia Sheinbaum Pardo, tendr\u00e1 su cierre de campa\u00f1a el mi\u00e9rcoles 29 de mayo en la explanada del Z\u00f3calo de la Ciudad de M\u00e9xico, en donde fue jefa de Gobierno hasta el 2018.<\/p>\n\n\n\n<p>El evento tambi\u00e9n servir\u00e1 como cierre de campa\u00f1a de la candidata a la jefatura de Gobierno de la CDMX, Clara Brugada, por lo que hacen un llamado a sus simpatizantes a que acudan a las 16:00 horas, sin embargo, se prev\u00e9 que desde temprana hora comiencen a llegar los asistentes.<\/p>\n\n\n\n<p>X\u00d3CHITL G\u00c1LVEZ<\/p>\n\n\n\n<p>La candidata de la coalici\u00f3n \u201cFuerza y Coraz\u00f3n por M\u00e9xico\u201d, X\u00f3chitl G\u00e1lvez Ruiz, cerrar\u00e1 su campa\u00f1a el mi\u00e9rcoles 29 de mayo en la Arena Monterrey, Nuevo Le\u00f3n, pues dijo que, tras el cierre en la Ciudad de M\u00e9xico con la marea rosa, es momento de apoyar otras entidades .<\/p>\n\n\n\n<p>El evento est\u00e1 previsto para las 18:00 horas.<\/p>\n\n\n\n<p>La candidata opositora iniciar\u00e1 con actividades en la CDMX y el Estado de M\u00e9xico el mi\u00e9rcoles 29 de mayo. De 08:30 a 09:30 horas, la candidata tendr\u00e1 su cierre de campa\u00f1a en la CDMX (lugar por definir), para despu\u00e9s trasladarse a Los Reyes, La Paz, en un evento previsto en el Estado de M\u00e9xico previsto para llevarse a cabo de las 11:00 a 12:00 hrs.<\/p>\n\n\n\n<p>JORGE \u00c1LVAREZ<\/p>\n\n\n\n<p>Tras el desplome de parte del escenario en en San Pedro, Nuevo Le\u00f3n el mi\u00e9rcoles 22 de mayo, el candidato de Movimiento Ciudadano (MC), Jorge \u00c1lvarez M\u00e1ynez declar\u00f3 d\u00edas despu\u00e9s que ya no estaba pensando en la contienda electoral, sino en atender a las v\u00edctimas del accidente, sin embargo, el equipo de campa\u00f1a inform\u00f3 que su cierre de campa\u00f1a tambi\u00e9n se llevar\u00e1 a cabo el 29 de mayo en la CDMX con un concierto.<\/p>\n\n\n\n<p>Debido a que su campa\u00f1a se centr\u00f3 en los j\u00f3venes, en acudir a universidades y diversos encuentros con ellos, el emecista prev\u00e9 su \u00faltima campa\u00f1a en el Auditorio BlackBerry, ubicado en la colonia Hip\u00f3dromo en donde estar\u00e1 el rapero Aczino, el grupo Porter, adem\u00e1s de Penny Pacheco, Darvin DCO, El Sensei, L-Cone, T-Killa, Yoga Fire y Dee.<\/p>\n\n\n\n<p>El evento est\u00e1 previsto para las 18:00 horas.<\/p>\n\n\n\n<p>(Informaci\u00f3n de \u201cExpansi\u00f3n Pol\u00edtica\u201d)<\/p>\n","protected":false},"excerpt":{"rendered":"<p>Redacci\u00f3n\/Zona Roja Cdmx. Ciudad de M\u00e9xico, a 29 de mayo de 2024.- A menos de&hellip;<\/p>\n","protected":false},"author":2,"featured_media":65825,"comment_status":"closed","ping_status":"open","sticky":false,"template":"","format":"standard","meta":{"_lmt_disableupdate":"","_lmt_disable":"","_jetpack_memberships_contains_paid_content":false,"footnotes":""},"categories":[109,46],"tags":[3859],"class_list":["post-68857","post","type-post","status-publish","format-standard","has-post-thumbnail","hentry","category-minuto-a-minuto","category-zona-blanca","tag-elecciones-2024-mexico"],"jetpack_featured_media_url":"https:\/\/zonaroja.com.mx\/wp-content\/uploads\/2024\/03\/Candidatos-a-la-presidencia-de-Mexico.webp","jetpack_sharing_enabled":true,"_links":{"self":[{"href":"https:\/\/zonaroja.com.mx\/index.php?rest_route=\/wp\/v2\/posts\/68857","targetHints":{"allow":["GET"]}}],"collection":[{"href":"https:\/\/zonaroja.com.mx\/index.php?rest_route=\/wp\/v2\/posts"}],"about":[{"href":"https:\/\/zonaroja.com.mx\/index.php?rest_route=\/wp\/v2\/types\/post"}],"author":[{"embeddable":true,"href":"https:\/\/zonaroja.com.mx\/index.php?rest_route=\/wp\/v2\/users\/2"}],"replies":[{"embeddable":true,"href":"https:\/\/zonaroja.com.mx\/index.php?rest_route=%2Fwp%2Fv2%2Fcomments&post=68857"}],"version-history":[{"count":1,"href":"https:\/\/zonaroja.com.mx\/index.php?rest_route=\/wp\/v2\/posts\/68857\/revisions"}],"predecessor-version":[{"id":68858,"href":"https:\/\/zonaroja.com.mx\/index.php?rest_route=\/wp\/v2\/posts\/68857\/revisions\/68858"}],"wp:featuredmedia":[{"embeddable":true,"href":"https:\/\/zonaroja.com.mx\/index.php?rest_route=\/wp\/v2\/media\/65825"}],"wp:attachment":[{"href":"https:\/\/zonaroja.com.mx\/index.php?rest_route=%2Fwp%2Fv2%2Fmedia&parent=68857"}],"wp:term":[{"taxonomy":"category","embeddable":true,"href":"https:\/\/zonaroja.com.mx\/index.php?rest_route=%2Fwp%2Fv2%2Fcategories&post=68857"},{"taxonomy":"post_tag","embeddable":true,"href":"https:\/\/zonaroja.com.mx\/index.php?rest_route=%2Fwp%2Fv2%2Ftags&post=68857"}],"curies":[{"name":"wp","href":"https:\/\/api.w.org\/{rel}","templated":true}]}}