{"id":68859,"date":"2024-05-29T14:58:00","date_gmt":"2024-05-29T20:58:00","guid":{"rendered":"https:\/\/zonaroja.com.mx\/?p=68859"},"modified":"2024-05-29T08:00:43","modified_gmt":"2024-05-29T14:00:43","slug":"mas-de-40-millones-de-personas-vulnerables-ante-el-cambio-climatico","status":"publish","type":"post","link":"https:\/\/zonaroja.com.mx\/?p=68859","title":{"rendered":"M\u00e1s de 40 millones de personas, vulnerables ante el cambio clim\u00e1tico"},"content":{"rendered":"\n<p>Redacci\u00f3n\/Zona Roja Cdmx.<\/p>\n\n\n\n<p>Ciudad de M\u00e9xico, a 29 de mayo de 2024.- La emergencia clim\u00e1tica amenaza los medios de subsistencia y la atenci\u00f3n sanitaria de 6 por ciento de la poblaci\u00f3n de Am\u00e9rica Latina y el Caribe, m\u00e1s de 40 millones de personas vulnerables que viven en zonas costeras, seg\u00fan un estudio del Fondo de Poblaci\u00f3n de las Naciones Unidas (UNFPA).<\/p>\n\n\n\n<p>Am\u00e9rica Latina es la segunda regi\u00f3n del mundo m\u00e1s susceptible a las calamidades naturales, con mil 205 desastres que afectaron a 152 millones de personas entre 2000 y 2019, seg\u00fan datos de la Oficina de Coordinaci\u00f3n de Asuntos Humanitarios de la ONU.<\/p>\n\n\n\n<p>Los pa\u00edses m\u00e1s empobrecidos son especialmente vulnerables y se est\u00e1n viendo m\u00e1s afectados por las consecuencias del cambio clim\u00e1tico, siendo a la par los que menos aportan a las emisiones que lo causan.<\/p>\n\n\n\n<p>Decenas de millones de personas que viven en zonas costeras de baja altitud en Am\u00e9rica Latina y el Caribe se enfrentan a las consecuencias de fen\u00f3menos meteorol\u00f3gicos extremos que amenazan sus vidas y medios de subsistencia, dijo el estudio, a\u00f1adiendo que son lugares muy sensibles a la subida del nivel del mar, ya que viven entre cero y 10 metros sobre el nivel de \u00e9ste.<\/p>\n\n\n\n<p>Brasil y M\u00e9xico son los pa\u00edses con m\u00e1s habitantes en zonas vulnerables, con 16 millones y 6.5 millones de personas en riesgo, respectivamente, seg\u00fan el estudio.<\/p>\n\n\n\n<p>Aunque la proporci\u00f3n de poblaci\u00f3n afectada se intensifica significativamente en el Caribe, menos poblado, donde el cambio clim\u00e1tico amenaza la subsistencia de 17 por ciento de las personas viviendo en zonas costeras.<\/p>\n\n\n\n<p>Ante la emergencia clim\u00e1tica, existe descontento con la respuesta que est\u00e1n dando los pa\u00edses m\u00e1s contaminantes.<\/p>\n\n\n\n<p>El lunes, el presidente de la Cumbre de los Peque\u00f1os Estados Insulares en Desarrollo afirm\u00f3 que los pa\u00edses ricos no han cumplido su obligaci\u00f3n de limitar los da\u00f1os causados por las emisiones de carbono y denunci\u00f3 que los compromisos clim\u00e1ticos han sido \u201cmanifiestamente insuficientes\u201d.<\/p>\n\n\n\n<p>En el caso de las mujeres y ni\u00f1as, \u00e9stas se ven afectadas por el cambio clim\u00e1tico y las cat\u00e1strofes naturales a\u00fan en mayor medida; desplazadas de sus comunidades y espacios seguros, no pueden acceder a servicios de planificaci\u00f3n familiar, partos seguros o protecci\u00f3n frente a la violencia de g\u00e9nero, se\u00f1al\u00f3 UNFPA.<\/p>\n\n\n\n<p>\u201cMujeres y ni\u00f1as afrodescendientes e ind\u00edgenas pobres y vulnerables \u2013que son las menos responsables de la crisis clim\u00e1tica\u2013 est\u00e1n pagando un alto precio en lo que respecta a su salud y sus derechos sexuales y reproductivos\u201d, afirm\u00f3 la doctora Natalia Kanem, directora ejecutiva del UNFPA, en un comunicado ligado al estudio.<\/p>\n\n\n\n<p>Las previsiones no son alentadoras para la regi\u00f3n. Los pron\u00f3sticos indican que la temporada de huracanes en el Atl\u00e1ntico, que comienza en junio, ser\u00e1 m\u00e1s activa de lo habitual debido a las temperaturas casi r\u00e9cord del oc\u00e9ano Atl\u00e1ntico y a las aguas superficiales m\u00e1s fr\u00edas del Pac\u00edfico.<\/p>\n\n\n\n<p>(Informaci\u00f3n de Reuters en \u201cLa Jornada\u201d)<\/p>\n","protected":false},"excerpt":{"rendered":"<p>Redacci\u00f3n\/Zona Roja Cdmx. Ciudad de M\u00e9xico, a 29 de mayo de 2024.- La emergencia clim\u00e1tica&hellip;<\/p>\n","protected":false},"author":2,"featured_media":68860,"comment_status":"closed","ping_status":"open","sticky":false,"template":"","format":"standard","meta":{"_lmt_disableupdate":"","_lmt_disable":"","_jetpack_memberships_contains_paid_content":false,"footnotes":""},"categories":[109,47],"tags":[3521],"class_list":["post-68859","post","type-post","status-publish","format-standard","has-post-thumbnail","hentry","category-minuto-a-minuto","category-zona-gris","tag-cambio-climatico"],"jetpack_featured_media_url":"https:\/\/zonaroja.com.mx\/wp-content\/uploads\/2024\/05\/Cambio-climatico.webp","jetpack_sharing_enabled":true,"_links":{"self":[{"href":"https:\/\/zonaroja.com.mx\/index.php?rest_route=\/wp\/v2\/posts\/68859","targetHints":{"allow":["GET"]}}],"collection":[{"href":"https:\/\/zonaroja.com.mx\/index.php?rest_route=\/wp\/v2\/posts"}],"about":[{"href":"https:\/\/zonaroja.com.mx\/index.php?rest_route=\/wp\/v2\/types\/post"}],"author":[{"embeddable":true,"href":"https:\/\/zonaroja.com.mx\/index.php?rest_route=\/wp\/v2\/users\/2"}],"replies":[{"embeddable":true,"href":"https:\/\/zonaroja.com.mx\/index.php?rest_route=%2Fwp%2Fv2%2Fcomments&post=68859"}],"version-history":[{"count":1,"href":"https:\/\/zonaroja.com.mx\/index.php?rest_route=\/wp\/v2\/posts\/68859\/revisions"}],"predecessor-version":[{"id":68861,"href":"https:\/\/zonaroja.com.mx\/index.php?rest_route=\/wp\/v2\/posts\/68859\/revisions\/68861"}],"wp:featuredmedia":[{"embeddable":true,"href":"https:\/\/zonaroja.com.mx\/index.php?rest_route=\/wp\/v2\/media\/68860"}],"wp:attachment":[{"href":"https:\/\/zonaroja.com.mx\/index.php?rest_route=%2Fwp%2Fv2%2Fmedia&parent=68859"}],"wp:term":[{"taxonomy":"category","embeddable":true,"href":"https:\/\/zonaroja.com.mx\/index.php?rest_route=%2Fwp%2Fv2%2Fcategories&post=68859"},{"taxonomy":"post_tag","embeddable":true,"href":"https:\/\/zonaroja.com.mx\/index.php?rest_route=%2Fwp%2Fv2%2Ftags&post=68859"}],"curies":[{"name":"wp","href":"https:\/\/api.w.org\/{rel}","templated":true}]}}