{"id":68864,"date":"2024-05-29T16:55:24","date_gmt":"2024-05-29T22:55:24","guid":{"rendered":"https:\/\/zonaroja.com.mx\/?p=68864"},"modified":"2024-05-29T16:55:26","modified_gmt":"2024-05-29T22:55:26","slug":"asesinan-a-balazos-a-un-individuo-en-el-municipio-de-tlaxiaco","status":"publish","type":"post","link":"https:\/\/zonaroja.com.mx\/?p=68864","title":{"rendered":"Asesinan a balazos a un individuo en el municipio de Tlaxiaco"},"content":{"rendered":"\n<p>Redacci\u00f3n\/Zona Roja.<\/p>\n\n\n\n<p>Oaxaca de Ju\u00e1rez, Oax., a 29 de mayo de 2024.- Una persona del sexo masculino fue ejecutada por disparos de arma de fuego en la Heroica Ciudad de Tlaxiaco, municipio de la regi\u00f3n Mixteca de Oaxaca.<\/p>\n\n\n\n<p>El crimen se perpetr\u00f3 en la colonia Ricardo Flores Mag\u00f3n, l\u00edmites con La Lobera, cuando un individuo que caminaba por la calle fue alcanzado por sures armados que lo acribillaron.<\/p>\n\n\n\n<p>Los presuntos delincuentes huyeron de la zona mientras el cuerpo de la v\u00edctima, hasta ahora no identificada, qued\u00f3 en el pavimento. Param\u00e9dicos corroboraron que ya no contaba con signos vitales.<\/p>\n\n\n\n<p>Polic\u00edas del ayuntamiento lleg\u00f3 a la zona pero despu\u00e9s de los hechos, por lo cual no logr\u00f3 efectuar ninguna detenci\u00f3n; supuestamente realizaron operativos de b\u00fasqueda, sin \u00e9xito alguno.<\/p>\n\n\n\n<p>Personal de la Vicefiscal\u00eda Regional de la Mixteca inici\u00f3 las indagatorias correspondientes, con la finalidad de esclarecer el caso y llevar a la justicia al o los responsables.<\/p>\n","protected":false},"excerpt":{"rendered":"<p>Redacci\u00f3n\/Zona Roja. Oaxaca de Ju\u00e1rez, Oax., a 29 de mayo de 2024.- Una persona del&hellip;<\/p>\n","protected":false},"author":2,"featured_media":68865,"comment_status":"closed","ping_status":"open","sticky":false,"template":"","format":"standard","meta":{"_lmt_disableupdate":"","_lmt_disable":"","_jetpack_memberships_contains_paid_content":false,"footnotes":""},"categories":[109,51],"tags":[643],"class_list":["post-68864","post","type-post","status-publish","format-standard","has-post-thumbnail","hentry","category-minuto-a-minuto","category-zona-roja","tag-heroica-ciudad-de-tlaxiaco"],"jetpack_featured_media_url":"https:\/\/zonaroja.com.mx\/wp-content\/uploads\/2024\/05\/Asesinado-Tlaxiaco.jpeg","jetpack_sharing_enabled":true,"_links":{"self":[{"href":"https:\/\/zonaroja.com.mx\/index.php?rest_route=\/wp\/v2\/posts\/68864","targetHints":{"allow":["GET"]}}],"collection":[{"href":"https:\/\/zonaroja.com.mx\/index.php?rest_route=\/wp\/v2\/posts"}],"about":[{"href":"https:\/\/zonaroja.com.mx\/index.php?rest_route=\/wp\/v2\/types\/post"}],"author":[{"embeddable":true,"href":"https:\/\/zonaroja.com.mx\/index.php?rest_route=\/wp\/v2\/users\/2"}],"replies":[{"embeddable":true,"href":"https:\/\/zonaroja.com.mx\/index.php?rest_route=%2Fwp%2Fv2%2Fcomments&post=68864"}],"version-history":[{"count":1,"href":"https:\/\/zonaroja.com.mx\/index.php?rest_route=\/wp\/v2\/posts\/68864\/revisions"}],"predecessor-version":[{"id":68866,"href":"https:\/\/zonaroja.com.mx\/index.php?rest_route=\/wp\/v2\/posts\/68864\/revisions\/68866"}],"wp:featuredmedia":[{"embeddable":true,"href":"https:\/\/zonaroja.com.mx\/index.php?rest_route=\/wp\/v2\/media\/68865"}],"wp:attachment":[{"href":"https:\/\/zonaroja.com.mx\/index.php?rest_route=%2Fwp%2Fv2%2Fmedia&parent=68864"}],"wp:term":[{"taxonomy":"category","embeddable":true,"href":"https:\/\/zonaroja.com.mx\/index.php?rest_route=%2Fwp%2Fv2%2Fcategories&post=68864"},{"taxonomy":"post_tag","embeddable":true,"href":"https:\/\/zonaroja.com.mx\/index.php?rest_route=%2Fwp%2Fv2%2Ftags&post=68864"}],"curies":[{"name":"wp","href":"https:\/\/api.w.org\/{rel}","templated":true}]}}