{"id":68870,"date":"2024-05-29T18:08:00","date_gmt":"2024-05-30T00:08:00","guid":{"rendered":"https:\/\/zonaroja.com.mx\/?p=68870"},"modified":"2024-05-29T17:09:30","modified_gmt":"2024-05-29T23:09:30","slug":"analiza-el-congreso-de-oaxaca-propuesta-para-dar-seguro-de-vida-a-policias","status":"publish","type":"post","link":"https:\/\/zonaroja.com.mx\/?p=68870","title":{"rendered":"Analiza el Congreso de Oaxaca propuesta para dar seguro de vida a polic\u00edas"},"content":{"rendered":"\n<p>Redacci\u00f3n\/Zona Roja.<\/p>\n\n\n\n<p>Oaxaca de Ju\u00e1rez, Oax., a 29 de mayo de 2024.- En sesi\u00f3n ordinaria de la Diputaci\u00f3n Permanente, se recibi\u00f3 una iniciativa de reforma a la Ley del Sistema Estatal de Seguridad P\u00fablica de Oaxaca, mediante la cual se propone que los polic\u00edas estatales y municipales cuenten con un seguro de vida y un sistema de retiro digno que corresponda a su cargo.<\/p>\n\n\n\n<p>Dicha propuesta que plantea cambios a los art\u00edculos 95 y 118 de la referida ley, se\u00f1ala que la seguridad es esencial para el bienestar de una sociedad y en consecuencia, el Estado debe generar las condiciones que permitan al individuo realizar sus actividades cotidianas con la confianza de que su vida est\u00e1 exenta de peligro o da\u00f1o.<\/p>\n\n\n\n<p>Asimismo, que el Estado tiene la responsabilidad de garantizar la seguridad social a quienes d\u00eda a d\u00eda velan por la seguridad de todos, refiere la iniciativa.<\/p>\n\n\n\n<p>La propuesta presentada por el diputado Pablo D\u00edaz Jim\u00e9nez, fue turnada para su an\u00e1lisis y dictaminaci\u00f3n a las Comisiones Unidas de Seguridad y Protecci\u00f3n Ciudadana, y de Presupuesto y Programaci\u00f3n.<\/p>\n\n\n\n<p>En tanto, tambi\u00e9n la Diputaci\u00f3n Permanente recibi\u00f3 una proposici\u00f3n con punto de acuerdo presentada por la diputada Lizett Arroyo Rodr\u00edguez, mediante la cual plantea emitir un exhorto al ayuntamiento del municipio de Santo Domingo Teojomulco, para evitar actos de violencia pol\u00edtica en raz\u00f3n de g\u00e9nero. Este asunto se reserv\u00f3 para el pr\u00f3ximo per\u00edodo ordinario de sesiones del Pleno.<\/p>\n\n\n\n<p>Por otra parte, en asuntos generales, la legisladora Lizbeth Anaid Concha Ojeda, solicit\u00f3 un minuto de silencio para honrar la memoria del s\u00edndico municipal y las personas que perdieron la vida en los hechos ocurridos en Santiago Amoltepec, en la regi\u00f3n de la Sierra Sur; y pidi\u00f3 que se trabaje en una pol\u00edtica de prevenci\u00f3n de conflictos sociales y municipales.<\/p>\n","protected":false},"excerpt":{"rendered":"<p>Redacci\u00f3n\/Zona Roja. Oaxaca de Ju\u00e1rez, Oax., a 29 de mayo de 2024.- En sesi\u00f3n ordinaria&hellip;<\/p>\n","protected":false},"author":2,"featured_media":68871,"comment_status":"closed","ping_status":"open","sticky":false,"template":"","format":"standard","meta":{"_lmt_disableupdate":"","_lmt_disable":"","_jetpack_memberships_contains_paid_content":false,"footnotes":""},"categories":[109,46],"tags":[2743],"class_list":["post-68870","post","type-post","status-publish","format-standard","has-post-thumbnail","hentry","category-minuto-a-minuto","category-zona-blanca","tag-65-legislatura-del-estado-de-oaxaca"],"jetpack_featured_media_url":"https:\/\/zonaroja.com.mx\/wp-content\/uploads\/2024\/05\/Llaman-congresistas-a-civilidad-y-paz-en-elecciones-en-Oaxaca.jpeg","jetpack_sharing_enabled":true,"_links":{"self":[{"href":"https:\/\/zonaroja.com.mx\/index.php?rest_route=\/wp\/v2\/posts\/68870","targetHints":{"allow":["GET"]}}],"collection":[{"href":"https:\/\/zonaroja.com.mx\/index.php?rest_route=\/wp\/v2\/posts"}],"about":[{"href":"https:\/\/zonaroja.com.mx\/index.php?rest_route=\/wp\/v2\/types\/post"}],"author":[{"embeddable":true,"href":"https:\/\/zonaroja.com.mx\/index.php?rest_route=\/wp\/v2\/users\/2"}],"replies":[{"embeddable":true,"href":"https:\/\/zonaroja.com.mx\/index.php?rest_route=%2Fwp%2Fv2%2Fcomments&post=68870"}],"version-history":[{"count":1,"href":"https:\/\/zonaroja.com.mx\/index.php?rest_route=\/wp\/v2\/posts\/68870\/revisions"}],"predecessor-version":[{"id":68872,"href":"https:\/\/zonaroja.com.mx\/index.php?rest_route=\/wp\/v2\/posts\/68870\/revisions\/68872"}],"wp:featuredmedia":[{"embeddable":true,"href":"https:\/\/zonaroja.com.mx\/index.php?rest_route=\/wp\/v2\/media\/68871"}],"wp:attachment":[{"href":"https:\/\/zonaroja.com.mx\/index.php?rest_route=%2Fwp%2Fv2%2Fmedia&parent=68870"}],"wp:term":[{"taxonomy":"category","embeddable":true,"href":"https:\/\/zonaroja.com.mx\/index.php?rest_route=%2Fwp%2Fv2%2Fcategories&post=68870"},{"taxonomy":"post_tag","embeddable":true,"href":"https:\/\/zonaroja.com.mx\/index.php?rest_route=%2Fwp%2Fv2%2Ftags&post=68870"}],"curies":[{"name":"wp","href":"https:\/\/api.w.org\/{rel}","templated":true}]}}