{"id":68873,"date":"2024-05-29T20:45:15","date_gmt":"2024-05-30T02:45:15","guid":{"rendered":"https:\/\/zonaroja.com.mx\/?p=68873"},"modified":"2024-05-29T20:45:17","modified_gmt":"2024-05-30T02:45:17","slug":"ataque-armado-en-mitin-de-morenista-en-oaxaca-deja-un-herido","status":"publish","type":"post","link":"https:\/\/zonaroja.com.mx\/?p=68873","title":{"rendered":"Ataque armado en mitin de morenista en Oaxaca deja un herido"},"content":{"rendered":"\n<p>Ismael Garc\u00eda M.\/Zona Roja.<\/p>\n\n\n\n<p>Oaxaca de Ju\u00e1rez, Oax., a 29 de mayo de 2024.- En el mitin de cierre de campa\u00f1a de la candidata a la presidencia municipal de Mat\u00edas Romero, Rosalinda L\u00f3pez Garc\u00eda, un sujeto dispar\u00f3 un arma de fuego y dej\u00f3 una persona lesionada.<\/p>\n\n\n\n<p>La v\u00edctima es un integrante de la agrupaci\u00f3n musical \u201cLos Soberanos\u201d, identificado como Lenin M. O., quien fue trasladado a un hospital de dicho municipio de la regi\u00f3n del Istmo de Tehuantepec, Oaxaca.<\/p>\n\n\n\n<p>En la explanada denominada \u201cCuatro Vientos\u201d se desarrollaba el acto pol\u00edtico, con la presencia de cientos de personas, cuando ocurrieron los disparos de arma de fuego, lo que origin\u00f3 que la gente se tirara al piso.<\/p>\n\n\n\n<p>\u201cEso es lo que m\u00e1s duele, eso es lo que m\u00e1s duele; que viniera una persona\u2026 hay un Dios que todo lo ve y la verdad es que es triste\u201d, dijo la candidata a presidenta municipal en una transmisi\u00f3n en vivo a trav\u00e9s de la red social Facebook.<\/p>\n\n\n\n<p>Pese al hecho, cientos de personas se quedaron el sitio del mitin, aunque \u00e9ste fue cancelado tras el ataque armado.<\/p>\n\n\n\n<p>El sujeto que dispar\u00f3 logr\u00f3 darse a la fuga, pese a la presencia de elementos de seguridad en la zona. Personal de la Vicefiscal\u00eda Regional del Istmo lleg\u00f3 al sitio para iniciar las indagatorias correspondientes.<\/p>\n\n\n\n<p>Hasta el momento no hay informaci\u00f3n oficial de las autoridades estatales.<\/p>\n\n\n\n<figure class=\"wp-block-embed is-type-rich is-provider-twitter wp-block-embed-twitter\"><div class=\"wp-block-embed__wrapper\">\n<div class=\"twitter-tweet\"><blockquote class=\"twitter-tweet\" data-lang=\"es\"><p lang=\"es\" dir=\"ltr\"><a href=\"https:\/\/twitter.com\/hashtag\/%C3%9AltimoMinuto?src=hash&amp;ref_src=twsrc%5Etfw\">#\u00daltimoMinuto<\/a><br>En un mitin del partido Morena en el municipio de Mat\u00edas Romero, <a href=\"https:\/\/twitter.com\/hashtag\/Oaxaca?src=hash&amp;ref_src=twsrc%5Etfw\">#Oaxaca<\/a>, que encabez\u00f3 Rosalinda L\u00f3pez Garc\u00eda, un sujeto efectu\u00f3 varios disparos de arma de fuego y dej\u00f3 a una persona lesionada.<br>As\u00ed lo explica la candata: <a href=\"https:\/\/t.co\/0XUUb0Yfck\">pic.twitter.com\/0XUUb0Yfck<\/a><\/p>&mdash; Zona Roja Oaxaca (@ZonaRoja_Oaxaca) <a href=\"https:\/\/twitter.com\/ZonaRoja_Oaxaca\/status\/1795988862478467240?ref_src=twsrc%5Etfw\">30 de mayo de 2024<\/a><\/blockquote><\/div>\n<\/div><\/figure>\n","protected":false},"excerpt":{"rendered":"<p>Ismael Garc\u00eda M.\/Zona Roja. Oaxaca de Ju\u00e1rez, Oax., a 29 de mayo de 2024.- En&hellip;<\/p>\n","protected":false},"author":2,"featured_media":68874,"comment_status":"closed","ping_status":"open","sticky":false,"template":"","format":"standard","meta":{"_lmt_disableupdate":"","_lmt_disable":"","_jetpack_memberships_contains_paid_content":false,"footnotes":""},"categories":[109,47],"tags":[228,3953],"class_list":["post-68873","post","type-post","status-publish","format-standard","has-post-thumbnail","hentry","category-minuto-a-minuto","category-zona-gris","tag-matias-romero-avendano","tag-rosalinda-lopez-garcia"],"jetpack_featured_media_url":"https:\/\/zonaroja.com.mx\/wp-content\/uploads\/2024\/05\/Balazos-mitin-Matias-Romero-Rosalinda-Lopez.jpg","jetpack_sharing_enabled":true,"_links":{"self":[{"href":"https:\/\/zonaroja.com.mx\/index.php?rest_route=\/wp\/v2\/posts\/68873","targetHints":{"allow":["GET"]}}],"collection":[{"href":"https:\/\/zonaroja.com.mx\/index.php?rest_route=\/wp\/v2\/posts"}],"about":[{"href":"https:\/\/zonaroja.com.mx\/index.php?rest_route=\/wp\/v2\/types\/post"}],"author":[{"embeddable":true,"href":"https:\/\/zonaroja.com.mx\/index.php?rest_route=\/wp\/v2\/users\/2"}],"replies":[{"embeddable":true,"href":"https:\/\/zonaroja.com.mx\/index.php?rest_route=%2Fwp%2Fv2%2Fcomments&post=68873"}],"version-history":[{"count":1,"href":"https:\/\/zonaroja.com.mx\/index.php?rest_route=\/wp\/v2\/posts\/68873\/revisions"}],"predecessor-version":[{"id":68875,"href":"https:\/\/zonaroja.com.mx\/index.php?rest_route=\/wp\/v2\/posts\/68873\/revisions\/68875"}],"wp:featuredmedia":[{"embeddable":true,"href":"https:\/\/zonaroja.com.mx\/index.php?rest_route=\/wp\/v2\/media\/68874"}],"wp:attachment":[{"href":"https:\/\/zonaroja.com.mx\/index.php?rest_route=%2Fwp%2Fv2%2Fmedia&parent=68873"}],"wp:term":[{"taxonomy":"category","embeddable":true,"href":"https:\/\/zonaroja.com.mx\/index.php?rest_route=%2Fwp%2Fv2%2Fcategories&post=68873"},{"taxonomy":"post_tag","embeddable":true,"href":"https:\/\/zonaroja.com.mx\/index.php?rest_route=%2Fwp%2Fv2%2Ftags&post=68873"}],"curies":[{"name":"wp","href":"https:\/\/api.w.org\/{rel}","templated":true}]}}