{"id":68876,"date":"2024-05-29T22:17:06","date_gmt":"2024-05-30T04:17:06","guid":{"rendered":"https:\/\/zonaroja.com.mx\/?p=68876"},"modified":"2024-05-29T22:17:08","modified_gmt":"2024-05-30T04:17:08","slug":"terminan-campanas-pero-no-las-protestas-en-oaxaca","status":"publish","type":"post","link":"https:\/\/zonaroja.com.mx\/?p=68876","title":{"rendered":"Terminan campa\u00f1as\u2026 pero no las protestas en Oaxaca"},"content":{"rendered":"\n<p>Raymundo Morales\/Zona Roja.<\/p>\n\n\n\n<p>Oaxaca de Ju\u00e1rez, Oax., a 29 de mayo de 2024.- Esta tarde-noche terminaron las campa\u00f1as pol\u00edticas pero no las protestas en Oaxaca.<\/p>\n\n\n\n<p>Pobladores de la agencia Vicente Guerrero mantienen y continuar\u00e1n su bloqueo a la carretera federal 190 Oaxaca-Puerto \u00c1ngel, a la altura del crucero conocido como la Y.<\/p>\n\n\n\n<p>Lo anterior, al insistir en la negligencia del presidente municipal de la Villa de Zaachila, el morenista Rigoberto Chac\u00f3n P\u00e9rez, para concluir la obra de un pozo de agua potable, lo que dificulta la dotaci\u00f3n del vital l\u00edquido para diversas colonias.<\/p>\n\n\n\n<p>El cierre de la vialidad inici\u00f3 poco despu\u00e9s de las seis de la ma\u00f1ana; permanece esta noche y continuar\u00e1 hasta ma\u00f1ana; a las 11:00 horas del jueves tienen programada una reuni\u00f3n de trabajo para dirimir la problem\u00e1tica.<\/p>\n\n\n\n<p>En tanto, en la ciudad de Oaxaca, afiliados al Sindicato \u201c3 de Marzo\u201d pararon labores durante la ma\u00f1ana, lo que afect\u00f3 el servicio de recolecci\u00f3n de basura, que a su vez gener\u00f3 montones de desechos en calles y parques.<\/p>\n\n\n\n<p>Cerca del mediod\u00eda, el ayuntamiento inform\u00f3 que ya se hab\u00eda alcanzado un acuerdo entre las partes respecto a las demandas salariales, por lo cual se reanudaron las actividades de recolecci\u00f3n.<\/p>\n\n\n\n<p>Mientras tanto, en el d\u00eda 14 de sus movilizaciones, integrantes de la Secci\u00f3n 22 del SNTE bloquearon vialidades donde se encuentran sedes del Instituto Nacional Electoral y del Servicio de Administraci\u00f3n Tributaria en la capital.<\/p>\n\n\n\n<p>Adem\u00e1s, un contingente se traslad\u00f3 a la caseta de peaje Huitzo de la supercarretera Oaxaca-Cuacnopalan, para dar paso libre a veh\u00edculos.<\/p>\n\n\n\n<p>Aunque disminuyeron su presencia, esta noche los integrantes del magisterio contin\u00faan y permanecer\u00e1n en dichos sitios.<\/p>\n\n\n\n<p>Hasta el momento no se tiene contemplado d\u00f3nde ser\u00e1n las movilizaciones para este jueves.<\/p>\n","protected":false},"excerpt":{"rendered":"<p>Raymundo Morales\/Zona Roja. Oaxaca de Ju\u00e1rez, Oax., a 29 de mayo de 2024.- Esta tarde-noche&hellip;<\/p>\n","protected":false},"author":2,"featured_media":68877,"comment_status":"closed","ping_status":"open","sticky":false,"template":"","format":"standard","meta":{"_lmt_disableupdate":"","_lmt_disable":"","_jetpack_memberships_contains_paid_content":false,"footnotes":""},"categories":[109,47],"tags":[1975],"class_list":["post-68876","post","type-post","status-publish","format-standard","has-post-thumbnail","hentry","category-minuto-a-minuto","category-zona-gris","tag-bloqueos-carreteros-oaxaca"],"jetpack_featured_media_url":"https:\/\/zonaroja.com.mx\/wp-content\/uploads\/2024\/05\/Bloqueo-Vicente-Guerrero-Zaachila.jpeg","jetpack_sharing_enabled":true,"_links":{"self":[{"href":"https:\/\/zonaroja.com.mx\/index.php?rest_route=\/wp\/v2\/posts\/68876","targetHints":{"allow":["GET"]}}],"collection":[{"href":"https:\/\/zonaroja.com.mx\/index.php?rest_route=\/wp\/v2\/posts"}],"about":[{"href":"https:\/\/zonaroja.com.mx\/index.php?rest_route=\/wp\/v2\/types\/post"}],"author":[{"embeddable":true,"href":"https:\/\/zonaroja.com.mx\/index.php?rest_route=\/wp\/v2\/users\/2"}],"replies":[{"embeddable":true,"href":"https:\/\/zonaroja.com.mx\/index.php?rest_route=%2Fwp%2Fv2%2Fcomments&post=68876"}],"version-history":[{"count":1,"href":"https:\/\/zonaroja.com.mx\/index.php?rest_route=\/wp\/v2\/posts\/68876\/revisions"}],"predecessor-version":[{"id":68878,"href":"https:\/\/zonaroja.com.mx\/index.php?rest_route=\/wp\/v2\/posts\/68876\/revisions\/68878"}],"wp:featuredmedia":[{"embeddable":true,"href":"https:\/\/zonaroja.com.mx\/index.php?rest_route=\/wp\/v2\/media\/68877"}],"wp:attachment":[{"href":"https:\/\/zonaroja.com.mx\/index.php?rest_route=%2Fwp%2Fv2%2Fmedia&parent=68876"}],"wp:term":[{"taxonomy":"category","embeddable":true,"href":"https:\/\/zonaroja.com.mx\/index.php?rest_route=%2Fwp%2Fv2%2Fcategories&post=68876"},{"taxonomy":"post_tag","embeddable":true,"href":"https:\/\/zonaroja.com.mx\/index.php?rest_route=%2Fwp%2Fv2%2Ftags&post=68876"}],"curies":[{"name":"wp","href":"https:\/\/api.w.org\/{rel}","templated":true}]}}