{"id":68886,"date":"2024-05-30T09:30:00","date_gmt":"2024-05-30T15:30:00","guid":{"rendered":"https:\/\/zonaroja.com.mx\/?p=68886"},"modified":"2024-05-30T07:19:44","modified_gmt":"2024-05-30T13:19:44","slug":"aprueba-el-ieepco-medidas-extraordinarias-en-casos-de-fuerza-mayor","status":"publish","type":"post","link":"https:\/\/zonaroja.com.mx\/?p=68886","title":{"rendered":"Aprueba el IEEPCO medidas extraordinarias en casos de fuerza mayor"},"content":{"rendered":"\n<p>Redacci\u00f3n\/Zona Roja.<\/p>\n\n\n\n<p>Oaxaca de Ju\u00e1rez, Oax., a 30 de mayo de 2024.- El Consejo General del Instituto Estatal Electoral y de Participaci\u00f3n Ciudadana de Oaxaca (IEEPCO), aprob\u00f3 anoche en Sesi\u00f3n Extraordinaria Urgente, la designaci\u00f3n de las personas integrantes de los Consejos Municipales Electorales, que fungir\u00e1n en el Proceso Electoral Local Ordinario 2023-2024, en sustituci\u00f3n de quienes han renunciado a su cargo.<\/p>\n\n\n\n<p>En la misma sesi\u00f3n, se aprobaron medidas extraordinarias para la continuaci\u00f3n del Proceso Electoral en los distritos cuyas circunstancias de caso fortuito y de fuerza mayor no permitan las condiciones o impidan la implementaci\u00f3n ordinaria de sus actividades a partir del conteo, sellado y enfajillado; durante la jornada electoral y en los c\u00f3mputos de sus respectivas competencias.<\/p>\n\n\n\n<p>De igual forma se aprobaron medidas excepcionales a fin de garantizar la asistencia electoral en aquellos casos en que existan vacantes de supervisora\/es electorales y capacitadoras\/es asistentes electorales.<\/p>\n\n\n\n<p>En cumplimiento a las resoluciones dictadas por la Sala Regional Xalapa del Tribunal Electoral del Poder Judicial de la Federaci\u00f3n, se aprob\u00f3 la restituci\u00f3n a las candidaturas de los ciudadanos Jos\u00e9 \u00c1ngel Castillo Cruz y Mart\u00edn Albino Mendoza Aquino, como propietario y suplente, respectivamente, postulados por el Partido Verde Ecologista de M\u00e9xico, como cuarta f\u00f3rmula de su lista de candidaturas a diputaciones al Congreso del Estado por el principio de representaci\u00f3n proporcional.<\/p>\n\n\n\n<p>Tambi\u00e9n, se aprob\u00f3 el registro del ciudadano H\u00e9ctor Pablo Ram\u00edrez Puga Leyva, en sustituci\u00f3n de la candidatura revocada; as\u00ed como las sustituciones y registros de las candidaturas a Diputaciones por el Principio de Mayor\u00eda Relativa y a Concejal\u00edas a Ayuntamientos.<\/p>\n\n\n\n<p>El Consejo General, aprob\u00f3 la expedici\u00f3n de las constancias correspondientes a las candidaturas a Diputaciones por el Principio de Mayor\u00eda Relativa y Concejal\u00edas a los Ayuntamientos, postuladas por la Coalici\u00f3n \u201cSigamos Haciendo Historia en Oaxaca\u201d, los partidos pol\u00edticos y candidaturas comunes; adem\u00e1s de la cancelaci\u00f3n del registro de las candidaturas cuya renuncia fue presentada ante el Instituto con fecha posterior al 2 de mayo.<\/p>\n","protected":false},"excerpt":{"rendered":"<p>Redacci\u00f3n\/Zona Roja. Oaxaca de Ju\u00e1rez, Oax., a 30 de mayo de 2024.- El Consejo General&hellip;<\/p>\n","protected":false},"author":2,"featured_media":68122,"comment_status":"closed","ping_status":"open","sticky":false,"template":"","format":"standard","meta":{"_lmt_disableupdate":"","_lmt_disable":"","_jetpack_memberships_contains_paid_content":false,"footnotes":""},"categories":[109,46],"tags":[2932],"class_list":["post-68886","post","type-post","status-publish","format-standard","has-post-thumbnail","hentry","category-minuto-a-minuto","category-zona-blanca","tag-instituto-estatal-electoral-y-de-participacion-ciudadana-de-oaxaca-ieepco"],"jetpack_featured_media_url":"https:\/\/zonaroja.com.mx\/wp-content\/uploads\/2024\/05\/IEEPCO.jpg","jetpack_sharing_enabled":true,"_links":{"self":[{"href":"https:\/\/zonaroja.com.mx\/index.php?rest_route=\/wp\/v2\/posts\/68886","targetHints":{"allow":["GET"]}}],"collection":[{"href":"https:\/\/zonaroja.com.mx\/index.php?rest_route=\/wp\/v2\/posts"}],"about":[{"href":"https:\/\/zonaroja.com.mx\/index.php?rest_route=\/wp\/v2\/types\/post"}],"author":[{"embeddable":true,"href":"https:\/\/zonaroja.com.mx\/index.php?rest_route=\/wp\/v2\/users\/2"}],"replies":[{"embeddable":true,"href":"https:\/\/zonaroja.com.mx\/index.php?rest_route=%2Fwp%2Fv2%2Fcomments&post=68886"}],"version-history":[{"count":1,"href":"https:\/\/zonaroja.com.mx\/index.php?rest_route=\/wp\/v2\/posts\/68886\/revisions"}],"predecessor-version":[{"id":68887,"href":"https:\/\/zonaroja.com.mx\/index.php?rest_route=\/wp\/v2\/posts\/68886\/revisions\/68887"}],"wp:featuredmedia":[{"embeddable":true,"href":"https:\/\/zonaroja.com.mx\/index.php?rest_route=\/wp\/v2\/media\/68122"}],"wp:attachment":[{"href":"https:\/\/zonaroja.com.mx\/index.php?rest_route=%2Fwp%2Fv2%2Fmedia&parent=68886"}],"wp:term":[{"taxonomy":"category","embeddable":true,"href":"https:\/\/zonaroja.com.mx\/index.php?rest_route=%2Fwp%2Fv2%2Fcategories&post=68886"},{"taxonomy":"post_tag","embeddable":true,"href":"https:\/\/zonaroja.com.mx\/index.php?rest_route=%2Fwp%2Fv2%2Ftags&post=68886"}],"curies":[{"name":"wp","href":"https:\/\/api.w.org\/{rel}","templated":true}]}}