{"id":68888,"date":"2024-05-30T07:34:06","date_gmt":"2024-05-30T13:34:06","guid":{"rendered":"https:\/\/zonaroja.com.mx\/?p=68888"},"modified":"2024-05-30T07:34:08","modified_gmt":"2024-05-30T13:34:08","slug":"opaca-cierre-de-campanas-ejecucion-de-candidato-a-edil-en-guerrero","status":"publish","type":"post","link":"https:\/\/zonaroja.com.mx\/?p=68888","title":{"rendered":"Opaca cierre de campa\u00f1as ejecuci\u00f3n de candidato a edil en Guerrero"},"content":{"rendered":"\n<p>Redacci\u00f3n\/Zona Roja Cdmx.<\/p>\n\n\n\n<p>Ciudad de M\u00e9xico, a 30 de mayo de 2024.- Jos\u00e9 Alfredo Cabrera, candidato a la alcald\u00eda de Coyuca de Ben\u00edtez, Guerrero, por la coalici\u00f3n del&nbsp;PRI-PAN-PRD fue asesinado durante su cierre de campa\u00f1a en este municipio.<\/p>\n\n\n\n<p>El momento qued\u00f3 grabado en decenas de videos que ya circulan en redes sociales, donde se aprecia al candidato llegar a su mitin final y durante los saludos a sus simpatizantes ser&nbsp;asesinado a balazos por la espalda.&nbsp;<\/p>\n\n\n\n<p>Los hechos sucedieron al filo de las 17:40 horas de este mi\u00e9rcoles 29 de mayo en una cancha de basquetbol en la colonia Las Lomas, donde estaba programado realizarse el cierre de campa\u00f1a. De acuerdo a medios locales, Jos\u00e9 Alfredo Cabrera ten\u00eda altas probabilidades de ganar la elecci\u00f3n de Coyuca de Ben\u00edtez.<\/p>\n\n\n\n<p>La muerte del candidato se da 15 d\u00edas despu\u00e9s de que An\u00edbal Z\u00fa\u00f1iga Cortes, candidato a regidor de esta misma coalici\u00f3n, fuera encontrado asesinado en Acapulco, Guerrero. A ra\u00edz de este hecho, Jos\u00e9 Alfredo Cabrera habr\u00eda solicitado seguridad para evitar ser v\u00edctima de un atentado similar, sin embargo, esto finalmente no se pudo.<\/p>\n\n\n\n<p>Apenas este martes 28 de mayo, Rosa Icela Rodr\u00edguez, secretaria de Seguridad y Protecci\u00f3n Ciudadana, inform\u00f3 que en este proceso electoral se hab\u00edan contabilizado 22 personas candidatas, precandidatas que buscaban un puesto de elecci\u00f3n popular asesinadas.<\/p>\n\n\n\n<p>La titular explic\u00f3 que de los 22 ejecutados, ocho ya estaban registrados como candidatos, cuatro eran precandidatos y 10 m\u00e1s estaban en la lucha por ser elegidos como los&nbsp; representantes oficiales de sus respectivos partidos pol\u00edticos.<\/p>\n\n\n\n<p>(Informaci\u00f3n de ABC Noticias)<\/p>\n","protected":false},"excerpt":{"rendered":"<p>Redacci\u00f3n\/Zona Roja Cdmx. Ciudad de M\u00e9xico, a 30 de mayo de 2024.- Jos\u00e9 Alfredo Cabrera,&hellip;<\/p>\n","protected":false},"author":2,"featured_media":68889,"comment_status":"closed","ping_status":"open","sticky":false,"template":"","format":"standard","meta":{"_lmt_disableupdate":"","_lmt_disable":"","_jetpack_memberships_contains_paid_content":false,"footnotes":""},"categories":[109,51],"tags":[3954],"class_list":["post-68888","post","type-post","status-publish","format-standard","has-post-thumbnail","hentry","category-minuto-a-minuto","category-zona-roja","tag-jose-alfredo-cabrera"],"jetpack_featured_media_url":"https:\/\/zonaroja.com.mx\/wp-content\/uploads\/2024\/05\/Jose-Alfredo-ejecutado-Coyuca-de-Benitez.jpg","jetpack_sharing_enabled":true,"_links":{"self":[{"href":"https:\/\/zonaroja.com.mx\/index.php?rest_route=\/wp\/v2\/posts\/68888","targetHints":{"allow":["GET"]}}],"collection":[{"href":"https:\/\/zonaroja.com.mx\/index.php?rest_route=\/wp\/v2\/posts"}],"about":[{"href":"https:\/\/zonaroja.com.mx\/index.php?rest_route=\/wp\/v2\/types\/post"}],"author":[{"embeddable":true,"href":"https:\/\/zonaroja.com.mx\/index.php?rest_route=\/wp\/v2\/users\/2"}],"replies":[{"embeddable":true,"href":"https:\/\/zonaroja.com.mx\/index.php?rest_route=%2Fwp%2Fv2%2Fcomments&post=68888"}],"version-history":[{"count":1,"href":"https:\/\/zonaroja.com.mx\/index.php?rest_route=\/wp\/v2\/posts\/68888\/revisions"}],"predecessor-version":[{"id":68890,"href":"https:\/\/zonaroja.com.mx\/index.php?rest_route=\/wp\/v2\/posts\/68888\/revisions\/68890"}],"wp:featuredmedia":[{"embeddable":true,"href":"https:\/\/zonaroja.com.mx\/index.php?rest_route=\/wp\/v2\/media\/68889"}],"wp:attachment":[{"href":"https:\/\/zonaroja.com.mx\/index.php?rest_route=%2Fwp%2Fv2%2Fmedia&parent=68888"}],"wp:term":[{"taxonomy":"category","embeddable":true,"href":"https:\/\/zonaroja.com.mx\/index.php?rest_route=%2Fwp%2Fv2%2Fcategories&post=68888"},{"taxonomy":"post_tag","embeddable":true,"href":"https:\/\/zonaroja.com.mx\/index.php?rest_route=%2Fwp%2Fv2%2Ftags&post=68888"}],"curies":[{"name":"wp","href":"https:\/\/api.w.org\/{rel}","templated":true}]}}