{"id":6889,"date":"2019-12-23T09:00:05","date_gmt":"2019-12-23T15:00:05","guid":{"rendered":"http:\/\/www.zonaroja.com.mx\/?p=6889"},"modified":"2019-12-23T06:43:50","modified_gmt":"2019-12-23T12:43:50","slug":"embajador-otra-vez-robo-presenta-renuncia-por-motivos-de-salud","status":"publish","type":"post","link":"https:\/\/zonaroja.com.mx\/?p=6889","title":{"rendered":"Embajador otra vez rob\u00f3; presenta renuncia \u201cpor motivos de salud\u201d"},"content":{"rendered":"\n<p>Redacci\u00f3n\/Zona\nRoja Cdmx.<\/p>\n\n\n\n<p>Ciudad de\nM\u00e9xico, 23 de diciembre de 2019.- Por segunda ocasi\u00f3n, el embajador de M\u00e9xico\nen Argentina, Ricardo Valero Recio Becerra, fue acusado de robo, ahora en el\naeropuerto de esa naci\u00f3n sudamericana.<\/p>\n\n\n\n<p>Tras\nello, present\u00f3 su renuncia \u201cpor motivos de salud\u201d, el cual fue aceptado por el\ngobierno mexicano,<\/p>\n\n\n\n<p>Fue a\nprincipios de diciembre en que se difundi\u00f3 un video en redes sociales en el que\nse ve\u00eda a Ricardo Valero ingresando a la librer\u00eda \u201cEl Ateneo\u201d de Buenos Aires.<\/p>\n\n\n\n<p>En las\nim\u00e1genes se observaba escondiendo un libro en un peri\u00f3dico. D\u00edas despu\u00e9s el\ndiplom\u00e1tico dej\u00f3 la embajada mexicana en Argentina para acudir al llamado que\nel titular de la Secretar\u00eda de Relaciones Exteriores, Marcelo Ebrard, le hizo\npara revisar el supuesto robo que cometi\u00f3.<\/p>\n\n\n\n<p>En tanto,\nayer domingo trascendi\u00f3 en medios argentinos que hab\u00eda otra denuncia contra\nRecio Becerra, ya que supuestamente intent\u00f3 otro robo, al tratar de llevarse\nuna playera sin pagar de una tienda \u201cduty free\u201d del aeropuerto Internacional de\nEzeiza, cuando regresaba a M\u00e9xico. <\/p>\n\n\n\n<p>Seg\u00fan los\nmedios locales ser\u00e1 este lunes cuando autoridades argentinas soliciten las\nc\u00e1maras de seguridad para confirmar el suceso.<\/p>\n\n\n\n<p>Por su\nparte, el secretario de Relaciones Exteriores, Marcelo Ebrard, inform\u00f3 en su\ncuenta de Twitter que el diplom\u00e1tico es una gran persona, sujeto a tratamiento\nneurol\u00f3gico y le dese\u00f3 pronta recuperaci\u00f3n.<\/p>\n\n\n\n<p>Luego de\nla renuncia, la canciller\u00eda comparti\u00f3 un documento de la doctora Ana Luisa Sosa\nOrtiz, especialista en Alzheimer y atenci\u00f3n a personas de la tercera edad, con\nfecha del 17 de diciembre, quien asegura que desde 2012 se identific\u00f3 que\nValero Becerra, de 77 a\u00f1os, desarroll\u00f3 un s\u00edndrome frontal caracterizado por\nalteraciones conductuales, ocasionado por un tumor cerebral (meningioma), por\nel cual fue operado por el neurocirujano Ramiro del Valle.<\/p>\n\n\n\n<p>(Con\ninformaci\u00f3n de \u201cLa Jornada\u201d)<\/p>\n","protected":false},"excerpt":{"rendered":"<p>Redacci\u00f3n\/Zona Roja Cdmx. Ciudad de M\u00e9xico, 23 de diciembre de 2019.- Por segunda ocasi\u00f3n, el&hellip;<\/p>\n","protected":false},"author":2,"featured_media":6890,"comment_status":"closed","ping_status":"open","sticky":false,"template":"","format":"standard","meta":{"_lmt_disableupdate":"","_lmt_disable":"","_jetpack_memberships_contains_paid_content":false,"footnotes":""},"categories":[109,47],"tags":[1167],"class_list":["post-6889","post","type-post","status-publish","format-standard","has-post-thumbnail","hentry","category-minuto-a-minuto","category-zona-gris","tag-ricardo-valero-recio-becerra"],"jetpack_featured_media_url":"https:\/\/zonaroja.com.mx\/wp-content\/uploads\/2019\/12\/Ricardo-Valero.jpg","jetpack_sharing_enabled":true,"_links":{"self":[{"href":"https:\/\/zonaroja.com.mx\/index.php?rest_route=\/wp\/v2\/posts\/6889","targetHints":{"allow":["GET"]}}],"collection":[{"href":"https:\/\/zonaroja.com.mx\/index.php?rest_route=\/wp\/v2\/posts"}],"about":[{"href":"https:\/\/zonaroja.com.mx\/index.php?rest_route=\/wp\/v2\/types\/post"}],"author":[{"embeddable":true,"href":"https:\/\/zonaroja.com.mx\/index.php?rest_route=\/wp\/v2\/users\/2"}],"replies":[{"embeddable":true,"href":"https:\/\/zonaroja.com.mx\/index.php?rest_route=%2Fwp%2Fv2%2Fcomments&post=6889"}],"version-history":[{"count":1,"href":"https:\/\/zonaroja.com.mx\/index.php?rest_route=\/wp\/v2\/posts\/6889\/revisions"}],"predecessor-version":[{"id":6891,"href":"https:\/\/zonaroja.com.mx\/index.php?rest_route=\/wp\/v2\/posts\/6889\/revisions\/6891"}],"wp:featuredmedia":[{"embeddable":true,"href":"https:\/\/zonaroja.com.mx\/index.php?rest_route=\/wp\/v2\/media\/6890"}],"wp:attachment":[{"href":"https:\/\/zonaroja.com.mx\/index.php?rest_route=%2Fwp%2Fv2%2Fmedia&parent=6889"}],"wp:term":[{"taxonomy":"category","embeddable":true,"href":"https:\/\/zonaroja.com.mx\/index.php?rest_route=%2Fwp%2Fv2%2Fcategories&post=6889"},{"taxonomy":"post_tag","embeddable":true,"href":"https:\/\/zonaroja.com.mx\/index.php?rest_route=%2Fwp%2Fv2%2Ftags&post=6889"}],"curies":[{"name":"wp","href":"https:\/\/api.w.org\/{rel}","templated":true}]}}