{"id":68906,"date":"2024-05-30T17:28:46","date_gmt":"2024-05-30T23:28:46","guid":{"rendered":"https:\/\/zonaroja.com.mx\/?p=68906"},"modified":"2024-05-30T18:31:04","modified_gmt":"2024-05-31T00:31:04","slug":"elecciones-garantizadas-pese-a-protestas-del-magisterio-ine-oaxaca","status":"publish","type":"post","link":"https:\/\/zonaroja.com.mx\/?p=68906","title":{"rendered":"Elecciones garantizadas, pese a protestas del magisterio: INE Oaxaca"},"content":{"rendered":"\n<p>Ismael Garc\u00eda M.\/Zona Roja.<\/p>\n\n\n\n<p>Oaxaca de Ju\u00e1rez, Oax., a 30 de enero de 2024.- \u201cEl proceso electoral es una locomotora que arranca y no se detiene por nada ni por nadie; se va a detener cuando concluya el proceso electoral\u201d.<\/p>\n\n\n\n<p>As\u00ed lo consider\u00f3 el Vocal Ejecutivo del Instituto Nacional Electoral (INE) en Oaxaca, Mart\u00edn Mart\u00ednez Cort\u00e1zar al participar esta tarde en una conferencia de prensa en materia de seguridad, organizada por el Gobierno del Estado.<\/p>\n\n\n\n<p>En referencia a la decisi\u00f3n de integrantes de la Secci\u00f3n 22 del SNTE de bloquear desde ayer sedes del INE en la capital y zona metropolitana, indic\u00f3 que se han tomado todas las medidas preventivas necesarias, desde enero.<\/p>\n\n\n\n<p>Inicialmente se ten\u00eda considerado instalar mesas de casilla en 502 planteles educativos pero en caso de que haya complicaciones, se tienen domicilios alternos cercanos.<\/p>\n\n\n\n<p>\u201cDesde enero en que se comenz\u00f3 se tienen domicilios alternos, por movimientos como el de ahora, fen\u00f3menos naturales, alguna remodelaci\u00f3n o cambio en la conformaci\u00f3n de la secci\u00f3n electoral; hay muchas variables que pueden afectar para que el inmueble ya no tenga condiciones.<\/p>\n\n\n\n<p>\u201cCuando esto ocurre ya tenemos inmuebles alternos para ubicar casillas, de presentarse una situaci\u00f3n que impida que en el domicilio original no se puedan instalar, esto lo decidir\u00e1n los 10 consejos distritales de la entidad.<\/p>\n\n\n\n<p>\u201cEn este panorama que se presenta ya tenemos domicilios alternos, no es que se hayan buscado ahora derivado de lo que se est\u00e1 presentado; ya los tenemos y donde no sea posible la instalaci\u00f3n, no vamos a trastocar esta circunstancia, lo \u00fanico que buscamos es que la elecci\u00f3n se desarrolle en paz y tranquilidad\u201d, manifest\u00f3.<\/p>\n\n\n\n<p>En presencia de funcionarios federales y estatales encabezados por el secretario de Gobierno de Oaxaca, Jes\u00fas Romero L\u00f3pez, respecto a si se entorpecen las actividades administrativas por estas manifestaciones del magisterio, el vocal del INE precis\u00f3:<\/p>\n\n\n\n<p>\u201cPor supuesto que tiene afectaciones, est\u00e1n ah\u00ed los equipos que tenemos para las actividades cotidianas, pero como ya mencion\u00e9, desde enero tenemos lugares alternos como en las casillas; desde luego que tenemos limitaciones pero no detiene las actividades que cotidianamente desarrollamos\u201d.<\/p>\n\n\n\n<p>Expuso que en el estado se instalan en la entidad cinco mil 923 mesas directivas de casilla, de los cuales se tiene el reporte del 95 por ciento de entrega del material electoral.<\/p>\n\n\n\n<p>Indic\u00f3 que se tiene una lista nominal de tres millones 116 mil 660 personas, que podr\u00e1n sufragar en las boletas electorales correspondientes a cinco elecciones, tres de car\u00e1cter federal y dos de car\u00e1cter local.<\/p>\n\n\n\n<p>\u201cEl 2 de junio ser\u00e1 una jornada c\u00edvica muy concurrida y que se desarrollar\u00e1 en paz y tranquilidad con el apoyo de las fuerzas de seguridad del Estado\u201d, manifest\u00f3 Mart\u00edn Mart\u00ednez.<\/p>\n\n\n\n<figure class=\"wp-block-embed is-type-rich is-provider-twitter wp-block-embed-twitter\"><div class=\"wp-block-embed__wrapper\">\n<div class=\"twitter-tweet\"><blockquote class=\"twitter-tweet\" data-lang=\"es\"><p lang=\"es\" dir=\"ltr\">En la conferencia de prensa del <a href=\"https:\/\/twitter.com\/GobOax?ref_src=twsrc%5Etfw\">@GobOax<\/a>, estuvo tambi\u00e9n Mart\u00edn Mart\u00ednez Cort\u00e1zar, vocal Ejecutivo del <a href=\"https:\/\/twitter.com\/INE_Oaxaca?ref_src=twsrc%5Etfw\">@INE_Oaxaca<\/a>, quien detall\u00f3 los avances en la organizaci\u00f3n de las elecciones. <br>Con respecto a las protestas de la Secci\u00f3n 22 del SNTE en sus sedes, inform\u00f3 que s\u00ed afectan pero con\u2026 <a href=\"https:\/\/t.co\/5yw98gwXt6\">pic.twitter.com\/5yw98gwXt6<\/a><\/p>&mdash; Zona Roja Oaxaca (@ZonaRoja_Oaxaca) <a href=\"https:\/\/twitter.com\/ZonaRoja_Oaxaca\/status\/1796294652041040093?ref_src=twsrc%5Etfw\">30 de mayo de 2024<\/a><\/blockquote><\/div>\n<\/div><\/figure>\n","protected":false},"excerpt":{"rendered":"<p>Ismael Garc\u00eda M.\/Zona Roja. Oaxaca de Ju\u00e1rez, Oax., a 30 de enero de 2024.- \u201cEl&hellip;<\/p>\n","protected":false},"author":2,"featured_media":68907,"comment_status":"closed","ping_status":"open","sticky":false,"template":"","format":"standard","meta":{"_lmt_disableupdate":"","_lmt_disable":"","_jetpack_memberships_contains_paid_content":false,"footnotes":""},"categories":[109,47],"tags":[],"class_list":["post-68906","post","type-post","status-publish","format-standard","has-post-thumbnail","hentry","category-minuto-a-minuto","category-zona-gris"],"jetpack_featured_media_url":"https:\/\/zonaroja.com.mx\/wp-content\/uploads\/2024\/05\/Seccion-22-del-SNTE-toma-del-INE.jpg","jetpack_sharing_enabled":true,"_links":{"self":[{"href":"https:\/\/zonaroja.com.mx\/index.php?rest_route=\/wp\/v2\/posts\/68906","targetHints":{"allow":["GET"]}}],"collection":[{"href":"https:\/\/zonaroja.com.mx\/index.php?rest_route=\/wp\/v2\/posts"}],"about":[{"href":"https:\/\/zonaroja.com.mx\/index.php?rest_route=\/wp\/v2\/types\/post"}],"author":[{"embeddable":true,"href":"https:\/\/zonaroja.com.mx\/index.php?rest_route=\/wp\/v2\/users\/2"}],"replies":[{"embeddable":true,"href":"https:\/\/zonaroja.com.mx\/index.php?rest_route=%2Fwp%2Fv2%2Fcomments&post=68906"}],"version-history":[{"count":2,"href":"https:\/\/zonaroja.com.mx\/index.php?rest_route=\/wp\/v2\/posts\/68906\/revisions"}],"predecessor-version":[{"id":68909,"href":"https:\/\/zonaroja.com.mx\/index.php?rest_route=\/wp\/v2\/posts\/68906\/revisions\/68909"}],"wp:featuredmedia":[{"embeddable":true,"href":"https:\/\/zonaroja.com.mx\/index.php?rest_route=\/wp\/v2\/media\/68907"}],"wp:attachment":[{"href":"https:\/\/zonaroja.com.mx\/index.php?rest_route=%2Fwp%2Fv2%2Fmedia&parent=68906"}],"wp:term":[{"taxonomy":"category","embeddable":true,"href":"https:\/\/zonaroja.com.mx\/index.php?rest_route=%2Fwp%2Fv2%2Fcategories&post=68906"},{"taxonomy":"post_tag","embeddable":true,"href":"https:\/\/zonaroja.com.mx\/index.php?rest_route=%2Fwp%2Fv2%2Ftags&post=68906"}],"curies":[{"name":"wp","href":"https:\/\/api.w.org\/{rel}","templated":true}]}}