{"id":68917,"date":"2024-05-30T22:18:10","date_gmt":"2024-05-31T04:18:10","guid":{"rendered":"https:\/\/zonaroja.com.mx\/?p=68917"},"modified":"2024-05-30T22:18:11","modified_gmt":"2024-05-31T04:18:11","slug":"hallan-en-la-costa-de-oaxaca-un-cuerpo-en-vehiculo-calcinado","status":"publish","type":"post","link":"https:\/\/zonaroja.com.mx\/?p=68917","title":{"rendered":"Hallan en la Costa de Oaxaca un cuerpo en veh\u00edculo calcinado\u00a0"},"content":{"rendered":"\n<p>Raymundo Morales\/Zona Roja.<\/p>\n\n\n\n<p>Oaxaca de Ju\u00e1rez, Oax., a 30 de mayo de 2024.- El cuerpo sin vida de una persona del sexo masculino, con impactos de arma de fuego y huellas de tortura, fue hallado la tarde-noche de ayer en una comunidad de la regi\u00f3n Costa de Oaxaca.<\/p>\n\n\n\n<p>Fue en inmediaciones del basurero del municipio de Santa Mar\u00eda Cortijo en que localizaron una camioneta semicalcinada y a un costado el cuerpo de un individuo, ejecutado a balazos.<\/p>\n\n\n\n<p>Presuntamente pretend\u00edan quemarlo en el interior de la unidad de motor pero cuando intent\u00f3 bajar y escapar, fue acribillado; la v\u00edctima a\u00fan no ha sido identificada legalmente.<\/p>\n\n\n\n<p>Personal de la Vicefiscal\u00eda Regional de la Costa inici\u00f3 las indagatorias respectivas, con la finalidad de esclarecer el crimen.<\/p>\n","protected":false},"excerpt":{"rendered":"<p>Raymundo Morales\/Zona Roja. Oaxaca de Ju\u00e1rez, Oax., a 30 de mayo de 2024.- El cuerpo&hellip;<\/p>\n","protected":false},"author":2,"featured_media":67753,"comment_status":"closed","ping_status":"open","sticky":false,"template":"","format":"standard","meta":{"_lmt_disableupdate":"","_lmt_disable":"","_jetpack_memberships_contains_paid_content":false,"footnotes":""},"categories":[109,51],"tags":[3955],"class_list":["post-68917","post","type-post","status-publish","format-standard","has-post-thumbnail","hentry","category-minuto-a-minuto","category-zona-roja","tag-santa-maria-cortijo"],"jetpack_featured_media_url":"https:\/\/zonaroja.com.mx\/wp-content\/uploads\/2024\/04\/Escena-de-investigacion-crimen.jpg","jetpack_sharing_enabled":true,"_links":{"self":[{"href":"https:\/\/zonaroja.com.mx\/index.php?rest_route=\/wp\/v2\/posts\/68917","targetHints":{"allow":["GET"]}}],"collection":[{"href":"https:\/\/zonaroja.com.mx\/index.php?rest_route=\/wp\/v2\/posts"}],"about":[{"href":"https:\/\/zonaroja.com.mx\/index.php?rest_route=\/wp\/v2\/types\/post"}],"author":[{"embeddable":true,"href":"https:\/\/zonaroja.com.mx\/index.php?rest_route=\/wp\/v2\/users\/2"}],"replies":[{"embeddable":true,"href":"https:\/\/zonaroja.com.mx\/index.php?rest_route=%2Fwp%2Fv2%2Fcomments&post=68917"}],"version-history":[{"count":1,"href":"https:\/\/zonaroja.com.mx\/index.php?rest_route=\/wp\/v2\/posts\/68917\/revisions"}],"predecessor-version":[{"id":68918,"href":"https:\/\/zonaroja.com.mx\/index.php?rest_route=\/wp\/v2\/posts\/68917\/revisions\/68918"}],"wp:featuredmedia":[{"embeddable":true,"href":"https:\/\/zonaroja.com.mx\/index.php?rest_route=\/wp\/v2\/media\/67753"}],"wp:attachment":[{"href":"https:\/\/zonaroja.com.mx\/index.php?rest_route=%2Fwp%2Fv2%2Fmedia&parent=68917"}],"wp:term":[{"taxonomy":"category","embeddable":true,"href":"https:\/\/zonaroja.com.mx\/index.php?rest_route=%2Fwp%2Fv2%2Fcategories&post=68917"},{"taxonomy":"post_tag","embeddable":true,"href":"https:\/\/zonaroja.com.mx\/index.php?rest_route=%2Fwp%2Fv2%2Ftags&post=68917"}],"curies":[{"name":"wp","href":"https:\/\/api.w.org\/{rel}","templated":true}]}}