{"id":6892,"date":"2019-12-23T07:28:38","date_gmt":"2019-12-23T13:28:38","guid":{"rendered":"http:\/\/www.zonaroja.com.mx\/?p=6892"},"modified":"2019-12-23T07:28:42","modified_gmt":"2019-12-23T13:28:42","slug":"central-de-abasto-nido-de-delincuentes-pese-a-operativos-de-seguridad","status":"publish","type":"post","link":"https:\/\/zonaroja.com.mx\/?p=6892","title":{"rendered":"Central de Abasto, nido de delincuentes, pese a operativos de seguridad"},"content":{"rendered":"\n<p>Redacci\u00f3n\/Zona\nRoja.<\/p>\n\n\n\n<p>Oaxaca de\nJu\u00e1rez, Oax., 23 de diciembre de 2019.- A pesar de que la semana pasada fuerzas\nde seguridad de los tres niveles de gobierno efectuaron aparatosos operativos\nen la Central de Abasto de la ciudad de Oaxaca, la delincuencia sigue reinando\nen esa zona.<\/p>\n\n\n\n<p>Ayer un individuo\nfue trasladado al Hospital General \u201cDr. Aurelio Valdivieso\u201d tras ser atacado a\npu\u00f1aladas, luego de un asalto en que, a falta de polic\u00edas, los atacantes\npudieron escapar.<\/p>\n\n\n\n<p>El se\u00f1or\nOdil\u00f3n caminaba en la zona comercial cuando fue atacado a pu\u00f1aladas por lo cual\nqued\u00f3 lesionado de gravedad. Param\u00e9dicos acudieron al lugar, donde procedieron\na atender al individuo y canalizarlo al nosocomio, donde qued\u00f3 encamado.<\/p>\n\n\n\n<p>Los\npresuntos responsables se dieron a la fuga con las pertenencias del obrero y\npor lo cual tom\u00f3 conocimiento la autoridad ministerial.<\/p>\n\n\n\n<p>INTENTARON\nLINCHARLO<\/p>\n\n\n\n<p>Por otra\nparte, en el hospital \u201cDr. Aurelio Valdivieso\u201d qued\u00f3 encamado un presunto\nladr\u00f3m que la ma\u00f1ana de \u00e9ste domingo iba a ser linchado en la comunidad de San\nPedro M\u00e1rtir, distrito de Ocotl\u00e1n.<\/p>\n\n\n\n<p>Isidro\nEnrique L. L., de 30 a\u00f1os de edad, ingres\u00f3 a robar a una vivienda solitaria,\npero un grupo de vecinos lanz\u00f3 el grito de alerta.<\/p>\n\n\n\n<p>Por ello,\nde inmediato los pobladores se organizaron y empezaron a golpearlo en\ndiferentes partes, caus\u00e1ndole lesiones de consideraci\u00f3n. Polic\u00edas municipales\nacudieron y rescataron a Isidro Enrique, a quien llevaron al palacio municipal.<\/p>\n\n\n\n<p>Los\nhabitantes quer\u00edan linchar al presunto ladr\u00f3n y por lo cual los agentes\ninvestigadores comisionados en Ocotl\u00e1n de Morelos acudieron para rescatarlo y\nlo trasladaron al Hospital Civil de la ciudad de Oaxaca; el caso fue turnado\nante el agente del Ministerio P\u00fablico del lugar.<\/p>\n\n\n\n<p>DOS\nMUERTOS<\/p>\n\n\n\n<p>En tanto,\ndos personas presuntamente indigentes perdieron la vida en el transcurso de\neste domingo; uno de ellos en inmediaciones de la Ex Garita de Santa Cruz\nXoxocotl\u00e1n, y otro en la avenida Manuel G\u00f3mez Mor\u00edn, en jurisdicci\u00f3n de San\nMart\u00edn Mexic\u00e1pam, agencia de Oaxaca de Ju\u00e1rez.<\/p>\n","protected":false},"excerpt":{"rendered":"<p>Redacci\u00f3n\/Zona Roja. Oaxaca de Ju\u00e1rez, Oax., 23 de diciembre de 2019.- A pesar de que&hellip;<\/p>\n","protected":false},"author":2,"featured_media":6893,"comment_status":"closed","ping_status":"open","sticky":false,"template":"","format":"standard","meta":{"_lmt_disableupdate":"","_lmt_disable":"","_jetpack_memberships_contains_paid_content":false,"footnotes":""},"categories":[109,51],"tags":[1168],"class_list":["post-6892","post","type-post","status-publish","format-standard","has-post-thumbnail","hentry","category-minuto-a-minuto","category-zona-roja","tag-central-de-abasto-ciudad-de-oaxaca"],"jetpack_featured_media_url":"https:\/\/zonaroja.com.mx\/wp-content\/uploads\/2019\/12\/4bb3077a-0090-4782-89b8-3434a33eb670.jpg","jetpack_sharing_enabled":true,"_links":{"self":[{"href":"https:\/\/zonaroja.com.mx\/index.php?rest_route=\/wp\/v2\/posts\/6892","targetHints":{"allow":["GET"]}}],"collection":[{"href":"https:\/\/zonaroja.com.mx\/index.php?rest_route=\/wp\/v2\/posts"}],"about":[{"href":"https:\/\/zonaroja.com.mx\/index.php?rest_route=\/wp\/v2\/types\/post"}],"author":[{"embeddable":true,"href":"https:\/\/zonaroja.com.mx\/index.php?rest_route=\/wp\/v2\/users\/2"}],"replies":[{"embeddable":true,"href":"https:\/\/zonaroja.com.mx\/index.php?rest_route=%2Fwp%2Fv2%2Fcomments&post=6892"}],"version-history":[{"count":1,"href":"https:\/\/zonaroja.com.mx\/index.php?rest_route=\/wp\/v2\/posts\/6892\/revisions"}],"predecessor-version":[{"id":6894,"href":"https:\/\/zonaroja.com.mx\/index.php?rest_route=\/wp\/v2\/posts\/6892\/revisions\/6894"}],"wp:featuredmedia":[{"embeddable":true,"href":"https:\/\/zonaroja.com.mx\/index.php?rest_route=\/wp\/v2\/media\/6893"}],"wp:attachment":[{"href":"https:\/\/zonaroja.com.mx\/index.php?rest_route=%2Fwp%2Fv2%2Fmedia&parent=6892"}],"wp:term":[{"taxonomy":"category","embeddable":true,"href":"https:\/\/zonaroja.com.mx\/index.php?rest_route=%2Fwp%2Fv2%2Fcategories&post=6892"},{"taxonomy":"post_tag","embeddable":true,"href":"https:\/\/zonaroja.com.mx\/index.php?rest_route=%2Fwp%2Fv2%2Ftags&post=6892"}],"curies":[{"name":"wp","href":"https:\/\/api.w.org\/{rel}","templated":true}]}}