{"id":68940,"date":"2024-05-31T15:21:12","date_gmt":"2024-05-31T21:21:12","guid":{"rendered":"https:\/\/zonaroja.com.mx\/?p=68940"},"modified":"2024-05-31T15:21:14","modified_gmt":"2024-05-31T21:21:14","slug":"una-mujer-habria-enganado-a-emiliano-para-que-saliera-a-la-calle-fue-detenida","status":"publish","type":"post","link":"https:\/\/zonaroja.com.mx\/?p=68940","title":{"rendered":"Una mujer habr\u00eda enga\u00f1ado a Emiliano para que saliera a la calle; fue detenida"},"content":{"rendered":"\n<p>Redacci\u00f3n\/Zona Roja Cdmx.<\/p>\n\n\n\n<p>Ciudad de M\u00e9xico, a 31 de mayo de 2024.- Hay avances en la investigaci\u00f3n del asesinato del ni\u00f1o Emiliano: fue detenida Carmen \u2018N\u2019, mujer involucrada en el crimen, anunci\u00f3 Carlos Manuel Merino, gobernador de Tabasco, este viernes 31 de mayo.<\/p>\n\n\n\n<p>Seg\u00fan el mandatario, Carmen \u2018N\u2019 conoc\u00eda a la familia de Dante Emiliano y se aprovech\u00f3 de eso para comunicarse por tel\u00e9fono, v\u00eda mensajes de Whatsapp, con el menor, a quien convenci\u00f3 de salir a la calle y acercarse a un auto rojo.<\/p>\n\n\n\n<p>En el veh\u00edculo viajaban la mujer y dos hombres, siendo uno de estos el que dispar\u00f3 contra Emiliano, ocasion\u00e1ndole al menos tres heridas de bala que le costaron la vida. \u201c\u00a1No me quiero morir!\u201d, fueron algunas de las \u00faltimas palabras del menor.<\/p>\n\n\n\n<p>En entrevista con Azucena Uresti, Merino Campos detall\u00f3 que la detenci\u00f3n de la que podr\u00eda ser la autora intelectual de este crimen ocurri\u00f3 en Canc\u00fan, Quintana Roo, y que ya fue trasladada a Tabasco para ser recluida en el municipio de Comalcalco.<\/p>\n\n\n\n<p>Destac\u00f3 que hay evidencia suficiente que demuestra c\u00f3mo Carmen \u2018N\u2019 atrajo a Emiliano a la calle, donde posteriormente se resisti\u00f3 a ser retenido y fue agredido fatalmente.<\/p>\n\n\n\n<p>\u201cEs ella quien realiza las llamadas y, a trav\u00e9s de mensajes hace, alguna manera, que se acerque al autom\u00f3vil donde esta persona ven\u00eda en compa\u00f1\u00eda de otras dos personas m\u00e1s, que alguno de ellos ser\u00eda el autor material de este horrible crimen\u201d, expres\u00f3.<\/p>\n\n\n\n<p>Merino agreg\u00f3 la Fiscal\u00eda de Tabasco ha solicitado a los familiares de Dante Emiliano que ampl\u00eden sus declaraciones, aunque estos han mostrado resistencia a colaborare. Incluso se les ha ofrecido protecci\u00f3n para facilitar su cooperaci\u00f3n en la investigaci\u00f3n, dijo el gobernador.<\/p>\n\n\n\n<p>\u201cSe les ha pedido que ampl\u00eden sus declaraciones, pero est\u00e1n un poco cerrados. Se les ha ofrecido protecci\u00f3n. La comunicaci\u00f3n en estos casos siguen siendo normal\u201d, abund\u00f3.<\/p>\n\n\n\n<p>Asimismo, se sabe que eran dos hombres los que acompa\u00f1aban a Carmen \u2018N\u2019 en el momento del asesinato, y las autoridades contin\u00faan las investigaciones para dar con el paradero de estos sujetos.<\/p>\n\n\n\n<p>El gobernador asegur\u00f3 que seguir\u00e1n trabajando para esclarecer completamente los hechos y llevar a todos los responsables ante la justicia.<\/p>\n\n\n\n<p>Carlos Merino prefiri\u00f3 no entrar en detalles sobre las contradicciones que hay entre los que reporta la Fiscal\u00eda de Tabasco y lo que dice la mam\u00e1 del ni\u00f1o, quien incluso dijo a medios que fue ella quien le hizo la llamada al menor antes de la tragedia.<\/p>\n\n\n\n<p>Adem\u00e1s, desde el primer momento neg\u00f3 que este conociera a sus agresores.<\/p>\n\n\n\n<p>Hasta el momento no ha habido m\u00e1s declaraciones de parte de la familia ante las revelaciones del gobernador.<\/p>\n\n\n\n<p>(Informaci\u00f3n de \u201cEl Financiero\u201d)<\/p>\n","protected":false},"excerpt":{"rendered":"<p>Redacci\u00f3n\/Zona Roja Cdmx. Ciudad de M\u00e9xico, a 31 de mayo de 2024.- Hay avances en&hellip;<\/p>\n","protected":false},"author":2,"featured_media":68636,"comment_status":"closed","ping_status":"open","sticky":false,"template":"","format":"standard","meta":{"_lmt_disableupdate":"","_lmt_disable":"","_jetpack_memberships_contains_paid_content":false,"footnotes":""},"categories":[109,46],"tags":[],"class_list":["post-68940","post","type-post","status-publish","format-standard","has-post-thumbnail","hentry","category-minuto-a-minuto","category-zona-blanca"],"jetpack_featured_media_url":"https:\/\/zonaroja.com.mx\/wp-content\/uploads\/2024\/05\/Emiliano-baleado-Tabasco.jpg.webp","jetpack_sharing_enabled":true,"_links":{"self":[{"href":"https:\/\/zonaroja.com.mx\/index.php?rest_route=\/wp\/v2\/posts\/68940","targetHints":{"allow":["GET"]}}],"collection":[{"href":"https:\/\/zonaroja.com.mx\/index.php?rest_route=\/wp\/v2\/posts"}],"about":[{"href":"https:\/\/zonaroja.com.mx\/index.php?rest_route=\/wp\/v2\/types\/post"}],"author":[{"embeddable":true,"href":"https:\/\/zonaroja.com.mx\/index.php?rest_route=\/wp\/v2\/users\/2"}],"replies":[{"embeddable":true,"href":"https:\/\/zonaroja.com.mx\/index.php?rest_route=%2Fwp%2Fv2%2Fcomments&post=68940"}],"version-history":[{"count":1,"href":"https:\/\/zonaroja.com.mx\/index.php?rest_route=\/wp\/v2\/posts\/68940\/revisions"}],"predecessor-version":[{"id":68941,"href":"https:\/\/zonaroja.com.mx\/index.php?rest_route=\/wp\/v2\/posts\/68940\/revisions\/68941"}],"wp:featuredmedia":[{"embeddable":true,"href":"https:\/\/zonaroja.com.mx\/index.php?rest_route=\/wp\/v2\/media\/68636"}],"wp:attachment":[{"href":"https:\/\/zonaroja.com.mx\/index.php?rest_route=%2Fwp%2Fv2%2Fmedia&parent=68940"}],"wp:term":[{"taxonomy":"category","embeddable":true,"href":"https:\/\/zonaroja.com.mx\/index.php?rest_route=%2Fwp%2Fv2%2Fcategories&post=68940"},{"taxonomy":"post_tag","embeddable":true,"href":"https:\/\/zonaroja.com.mx\/index.php?rest_route=%2Fwp%2Fv2%2Ftags&post=68940"}],"curies":[{"name":"wp","href":"https:\/\/api.w.org\/{rel}","templated":true}]}}