{"id":68942,"date":"2024-05-31T18:53:13","date_gmt":"2024-06-01T00:53:13","guid":{"rendered":"https:\/\/zonaroja.com.mx\/?p=68942"},"modified":"2024-05-31T18:53:14","modified_gmt":"2024-06-01T00:53:14","slug":"empresario-que-atropello-y-mato-a-dos-hermanas-habria-huido-al-extranjero","status":"publish","type":"post","link":"https:\/\/zonaroja.com.mx\/?p=68942","title":{"rendered":"Empresario que atropell\u00f3 y mat\u00f3 a dos hermanas habr\u00eda huido al extranjero\u00a0"},"content":{"rendered":"\n<p>Raymundo Morales\/Zona Roja.<\/p>\n\n\n\n<p>Oaxaca de Ju\u00e1rez, Oax., a 31 de mayo de 2023.- El empresario Carlos Alberto I. G., quien atropell\u00f3 y mat\u00f3 a dos mujeres en Oaxaca, habr\u00eda huido del pa\u00eds, por lo cual la Fiscal\u00eda General del Estado solicit\u00f3 la emisi\u00f3n de una ficha roja de b\u00fasqueda a la Interpol.<\/p>\n\n\n\n<p>El autor de un doble homicidio culposo, ocurrido el pasado 19 de mayo, hab\u00eda llegado la semana pasada a un acuerdo reparatorio con los familiares de las dos v\u00edctimas, Brenda y Felipa.<\/p>\n\n\n\n<p>Tras ello hubo una serie de protestas por parte de activistas como Orlando Sosa y deudos de las dos hermanas, ante lo cual se revis\u00f3 el caso; no obstante, el empresario huy\u00f3 del estado sin cubrir la reparaci\u00f3n del da\u00f1o.<\/p>\n\n\n\n<p>En un comunicado, la Fiscal\u00eda General inform\u00f3 que como consecuencia del incumplimiento en el proceso del acuerdo reparatorio con las v\u00edctimas indirectas, tras el accidente vial ocurrido en la carretera 190 en el que dos mujeres perdieron la vida, obtuvo una orden de aprehensi\u00f3n contra el imputado y realiz\u00f3 cateos de b\u00fasqueda y localizaci\u00f3n, derivado de los cuales quedaron bajo resguardo bienes, para garantizar en el momento procesal oportuno la reparaci\u00f3n del da\u00f1o.<\/p>\n\n\n\n<p>\u201cLuego que el imputado se ausent\u00f3 de las audiencias de construcci\u00f3n del acuerdo reparatorio por el caso, la Fiscal\u00eda de Oaxaca realiz\u00f3 operativos para asegurar diversos bienes que fueron puestos como garant\u00eda.<\/p>\n\n\n\n<p>\u201cAdem\u00e1s, se obtuvo una orden de aprehensi\u00f3n en contra del imputado C.A.I.G. y se iniciaron los tr\u00e1mites para solicitar la colaboraci\u00f3n la International Criminal Police Organization (Interpol, por sus siglas en ingl\u00e9s) para la emisi\u00f3n de una Ficha Roja, para la b\u00fasqueda y localizaci\u00f3n en caso que haya salido del pa\u00eds\u201d, inform\u00f3 en un comunicado.<\/p>\n\n\n\n<p>Agreg\u00f3 que, derivado de las investigaciones en curso y labores ministeriales se identific\u00f3 que, adem\u00e1s del caso por homicidio culposo, el imputado podr\u00eda estar implicado en la comisi\u00f3n de otros delitos, sobre los cuales se trabaja para establecer si existe alg\u00fan tipo de responsabilidad legal.<\/p>\n\n\n\n<p>Record\u00f3 que el percance ocurrido el 19 de mayo de 2024 sobre la carretera de 190 en una parada de autob\u00fas frente a una tienda de autoservicio en la agencia de Santa Rosa Panzacola, en el que fallecieron dos mujeres identificadas como F.M.M.C. y B.Z.M.C., por lo cual se inici\u00f3 el procedimiento correspondiente por el delito de homicidio culposo, en el que est\u00e1 como imputado C.A.I.G.<\/p>\n\n\n\n<p>En tanto, la Fiscal\u00eda de Oaxaca brinda acompa\u00f1amiento a los familiares de las v\u00edctimas directas a trav\u00e9s del Centro de Justicia Alternativa, con el objetivo de aplicar adecuadamente los protocolos de acuerdos reparatorios marcados por el C\u00f3digo Penal de Procedimientos Penales, por ello, se realizan los trabajos para dar cumplimiento a las necesidades de las v\u00edctimas indirectas.<\/p>\n\n\n\n<p>La Fiscal\u00eda de Oaxaca despleg\u00f3 a un equipo multidisciplinario que permita dar certeza jur\u00eddica a las v\u00edctimas indirectas y garantice el cumplimiento del proceso del acuerdo reparatorio, asimismo las acciones ejecutadas por la instituci\u00f3n tienen el objetivo brindar la m\u00e1xima protecci\u00f3n a las infancias y adolescencias involucradas en estos hechos.<\/p>\n\n\n\n<p>\u201cLa Fiscal\u00eda General del Estado de Oaxaca reitera su compromiso de acompa\u00f1amiento de las v\u00edctimas indirectas para que logren una reparaci\u00f3n integral del da\u00f1o, pues es prioridad del organismo procurador de justicia la protecci\u00f3n de los derechos de las v\u00edctimas, por lo que realizar\u00e1 todas las acciones necesarias para que no haya impunidad en este caso\u201d, indic\u00f3 en un comunicado.<\/p>\n","protected":false},"excerpt":{"rendered":"<p>Raymundo Morales\/Zona Roja. Oaxaca de Ju\u00e1rez, Oax., a 31 de mayo de 2023.- El empresario&hellip;<\/p>\n","protected":false},"author":2,"featured_media":68945,"comment_status":"closed","ping_status":"open","sticky":false,"template":"","format":"standard","meta":{"_lmt_disableupdate":"","_lmt_disable":"","_jetpack_memberships_contains_paid_content":false,"footnotes":""},"categories":[109,46],"tags":[494],"class_list":["post-68942","post","type-post","status-publish","format-standard","has-post-thumbnail","hentry","category-minuto-a-minuto","category-zona-blanca","tag-fiscalia-general-del-estado-de-oaxaca"],"jetpack_featured_media_url":"https:\/\/zonaroja.com.mx\/wp-content\/uploads\/2024\/05\/Cateo-embargo-Fiscalia-caso-Innes.jpeg","jetpack_sharing_enabled":true,"_links":{"self":[{"href":"https:\/\/zonaroja.com.mx\/index.php?rest_route=\/wp\/v2\/posts\/68942","targetHints":{"allow":["GET"]}}],"collection":[{"href":"https:\/\/zonaroja.com.mx\/index.php?rest_route=\/wp\/v2\/posts"}],"about":[{"href":"https:\/\/zonaroja.com.mx\/index.php?rest_route=\/wp\/v2\/types\/post"}],"author":[{"embeddable":true,"href":"https:\/\/zonaroja.com.mx\/index.php?rest_route=\/wp\/v2\/users\/2"}],"replies":[{"embeddable":true,"href":"https:\/\/zonaroja.com.mx\/index.php?rest_route=%2Fwp%2Fv2%2Fcomments&post=68942"}],"version-history":[{"count":1,"href":"https:\/\/zonaroja.com.mx\/index.php?rest_route=\/wp\/v2\/posts\/68942\/revisions"}],"predecessor-version":[{"id":68946,"href":"https:\/\/zonaroja.com.mx\/index.php?rest_route=\/wp\/v2\/posts\/68942\/revisions\/68946"}],"wp:featuredmedia":[{"embeddable":true,"href":"https:\/\/zonaroja.com.mx\/index.php?rest_route=\/wp\/v2\/media\/68945"}],"wp:attachment":[{"href":"https:\/\/zonaroja.com.mx\/index.php?rest_route=%2Fwp%2Fv2%2Fmedia&parent=68942"}],"wp:term":[{"taxonomy":"category","embeddable":true,"href":"https:\/\/zonaroja.com.mx\/index.php?rest_route=%2Fwp%2Fv2%2Fcategories&post=68942"},{"taxonomy":"post_tag","embeddable":true,"href":"https:\/\/zonaroja.com.mx\/index.php?rest_route=%2Fwp%2Fv2%2Ftags&post=68942"}],"curies":[{"name":"wp","href":"https:\/\/api.w.org\/{rel}","templated":true}]}}