{"id":6895,"date":"2019-12-23T08:38:28","date_gmt":"2019-12-23T14:38:28","guid":{"rendered":"http:\/\/www.zonaroja.com.mx\/?p=6895"},"modified":"2019-12-23T08:38:44","modified_gmt":"2019-12-23T14:38:44","slug":"seccion-59-disidencia-creada-por-uro-que-llego-para-quedarse-en-oaxaca","status":"publish","type":"post","link":"https:\/\/zonaroja.com.mx\/?p=6895","title":{"rendered":"Secci\u00f3n 59, disidencia creada por URO que lleg\u00f3 para quedarse en Oaxaca"},"content":{"rendered":"\n<p>Redacci\u00f3n\/Zona\nRoja.<\/p>\n\n\n\n<p>Oaxaca de\nJu\u00e1rez, Oax., 23 de diciembre de 2019.- La Secci\u00f3n 59 del Sindicato Nacional de\nTrabajadores de la Educaci\u00f3n (SNTE) cumpli\u00f3 13 a\u00f1os de fundada y ni los amagos\nni ataques de la Secci\u00f3n 22 han logrado minarla.<\/p>\n\n\n\n<p>El gremio\nfue creado el 22 de diciembre del 2006, durante el sexenio del priista Ulises\nRuiz Ortiz, en el marco de los hechos violentos originados por el intento de\ndesalojo del magisterio mayoritario del z\u00f3calo de la capital.<\/p>\n\n\n\n<p>Tras ello\ncrearon espacios o m\u00f3dulos irregulares, adicionales a los formales, donde\natienden al alumnado; en diversas ocasiones, la Secci\u00f3n 22 acudi\u00f3 a agredirlos\ne intentar desaparecer a la 59.<\/p>\n\n\n\n<p>Actualmente\ntiene presencia en las ocho regiones de Oaxaca; brinda educaci\u00f3n a &nbsp;alrededor de 35 mil alumnos en todo el estado\ny cuenta con tres mil 500 agremiados.<\/p>\n\n\n\n<p>Este\n2020, egresar\u00e1 la tercera generaci\u00f3n de estudiantes de educaci\u00f3n b\u00e1sica que\nconcluye su formaci\u00f3n desde preescolar hasta secundaria, con clases ininterrumpidas.<\/p>\n\n\n\n<p>\u201cLa\nSecci\u00f3n 59 se encuentra m\u00e1s fuerte que nunca, comprometida con la sociedad\noaxaque\u00f1a y con el gremio docente\u201d, dijo en un comunicado el delegado especial e\nintegrante del Comit\u00e9 Ejecutivo Nacional del SNTE, Ricardo Mosqueda Lagunes.<\/p>\n\n\n\n<p>Asimismo,\ndestac\u00f3 la buena relaci\u00f3n que mantienen con los padres de familia, autoridades,\nmaestros, personal de apoyo y administrativo en las comunidades, donde, adem\u00e1s,\nrespetan, difunden y preservan sus usos y costumbres como parte de la identidad\ncultural de los pueblos de Oaxaca.<\/p>\n","protected":false},"excerpt":{"rendered":"<p>Redacci\u00f3n\/Zona Roja. Oaxaca de Ju\u00e1rez, Oax., 23 de diciembre de 2019.- La Secci\u00f3n 59 del&hellip;<\/p>\n","protected":false},"author":2,"featured_media":6896,"comment_status":"closed","ping_status":"open","sticky":false,"template":"","format":"standard","meta":{"_lmt_disableupdate":"","_lmt_disable":"","_jetpack_memberships_contains_paid_content":false,"footnotes":""},"categories":[109],"tags":[1170,1169],"class_list":["post-6895","post","type-post","status-publish","format-standard","has-post-thumbnail","hentry","category-minuto-a-minuto","tag-ricardo-mosqueda-lagunes","tag-seccion-59-del-snte"],"jetpack_featured_media_url":"https:\/\/zonaroja.com.mx\/wp-content\/uploads\/2019\/12\/sntejoven-1.jpg","jetpack_sharing_enabled":true,"_links":{"self":[{"href":"https:\/\/zonaroja.com.mx\/index.php?rest_route=\/wp\/v2\/posts\/6895","targetHints":{"allow":["GET"]}}],"collection":[{"href":"https:\/\/zonaroja.com.mx\/index.php?rest_route=\/wp\/v2\/posts"}],"about":[{"href":"https:\/\/zonaroja.com.mx\/index.php?rest_route=\/wp\/v2\/types\/post"}],"author":[{"embeddable":true,"href":"https:\/\/zonaroja.com.mx\/index.php?rest_route=\/wp\/v2\/users\/2"}],"replies":[{"embeddable":true,"href":"https:\/\/zonaroja.com.mx\/index.php?rest_route=%2Fwp%2Fv2%2Fcomments&post=6895"}],"version-history":[{"count":1,"href":"https:\/\/zonaroja.com.mx\/index.php?rest_route=\/wp\/v2\/posts\/6895\/revisions"}],"predecessor-version":[{"id":6897,"href":"https:\/\/zonaroja.com.mx\/index.php?rest_route=\/wp\/v2\/posts\/6895\/revisions\/6897"}],"wp:featuredmedia":[{"embeddable":true,"href":"https:\/\/zonaroja.com.mx\/index.php?rest_route=\/wp\/v2\/media\/6896"}],"wp:attachment":[{"href":"https:\/\/zonaroja.com.mx\/index.php?rest_route=%2Fwp%2Fv2%2Fmedia&parent=6895"}],"wp:term":[{"taxonomy":"category","embeddable":true,"href":"https:\/\/zonaroja.com.mx\/index.php?rest_route=%2Fwp%2Fv2%2Fcategories&post=6895"},{"taxonomy":"post_tag","embeddable":true,"href":"https:\/\/zonaroja.com.mx\/index.php?rest_route=%2Fwp%2Fv2%2Ftags&post=6895"}],"curies":[{"name":"wp","href":"https:\/\/api.w.org\/{rel}","templated":true}]}}