{"id":68950,"date":"2024-05-31T21:37:38","date_gmt":"2024-06-01T03:37:38","guid":{"rendered":"https:\/\/zonaroja.com.mx\/?p=68950"},"modified":"2024-05-31T21:37:40","modified_gmt":"2024-06-01T03:37:40","slug":"alcaldesa-morenista-desvio-4-mdp-del-erario-para-comprar-su-candidatura","status":"publish","type":"post","link":"https:\/\/zonaroja.com.mx\/?p=68950","title":{"rendered":"Alcaldesa morenista desvi\u00f3 4 mdp del erario para comprar su candidatura"},"content":{"rendered":"\n<p>Ismael Garc\u00eda M.\/Zona Roja.<\/p>\n\n\n\n<p>Oaxaca de Ju\u00e1rez, Oax., a 31 de mayo de 2024.- La presidenta municipal con licencia de San Jacinto Amilpas, Oaxaca, Gabriela Adriana D\u00edaz P\u00e9rez, desvi\u00f3 cuatro millones de pesos para comprar su candidatura, en la pasada elecci\u00f3n cuando compiti\u00f3 por el Partido Morena.<\/p>\n\n\n\n<p>As\u00ed lo se\u00f1al\u00f3 este viernes un grupo de abogados encabezado por \u00c1ngel Garc\u00eda Garc\u00eda, quien lament\u00f3 que pese a las m\u00faltiples pruebas, entre ellas audios y documentos firmados, la Fiscal\u00eda Anticorrupci\u00f3n exoner\u00f3 a quien hoy es candidata a la reelecci\u00f3n, ahora por el Partido Verde Ecologista de M\u00e9xico.<\/p>\n\n\n\n<p>En los hechos est\u00e1n involucrados tambi\u00e9n el contralor Gabriel Antonio S\u00e1nchez Luna y la tesorera Marina Daza Robles, quienes habr\u00edan participado en el desv\u00edo de recursos y falsificaci\u00f3n de documentos.<\/p>\n\n\n\n<p>En conferencia de prensa, el abogado detall\u00f3 que la Fiscal\u00eda Anticorrupci\u00f3n ni siquiera se aperson\u00f3 la imputada a la carpeta y le dieron intervenci\u00f3n de oficio, adem\u00e1s de otras irregularidades, al no desahogarse diversas pruebas m\u00e1s.<\/p>\n\n\n\n<p>Expuso que los delitos de los que se acusa a la presidenta municipal con licencia son falsificaci\u00f3n de documentos en su modalidad de uso de documentos falsos, as\u00ed como peculado y otros que lleguen a tipificarse.<\/p>\n\n\n\n<p>Por ello, demand\u00f3 la renuncia del titular de la Fiscal\u00eda Especializada en Materia de Combate a la Corrupci\u00f3n del Estado de Oaxaca, Jorge Emilio Iruegas.<\/p>\n\n\n\n<p>Gabriela D\u00edaz es ahora candidata del Partido Verde Ecologista de M\u00e9xico para la reelecci\u00f3n en la presidencia municipal de San Jacinto Amilpas.<\/p>\n","protected":false},"excerpt":{"rendered":"<p>Ismael Garc\u00eda M.\/Zona Roja. Oaxaca de Ju\u00e1rez, Oax., a 31 de mayo de 2024.- La&hellip;<\/p>\n","protected":false},"author":2,"featured_media":68951,"comment_status":"closed","ping_status":"open","sticky":false,"template":"","format":"standard","meta":{"_lmt_disableupdate":"","_lmt_disable":"","_jetpack_memberships_contains_paid_content":false,"footnotes":""},"categories":[109,47],"tags":[3826],"class_list":["post-68950","post","type-post","status-publish","format-standard","has-post-thumbnail","hentry","category-minuto-a-minuto","category-zona-gris","tag-gabriela-diaz-perez"],"jetpack_featured_media_url":"https:\/\/zonaroja.com.mx\/wp-content\/uploads\/2024\/05\/Denuncia-Gabriela-Diaz-Perez.jpg","jetpack_sharing_enabled":true,"_links":{"self":[{"href":"https:\/\/zonaroja.com.mx\/index.php?rest_route=\/wp\/v2\/posts\/68950","targetHints":{"allow":["GET"]}}],"collection":[{"href":"https:\/\/zonaroja.com.mx\/index.php?rest_route=\/wp\/v2\/posts"}],"about":[{"href":"https:\/\/zonaroja.com.mx\/index.php?rest_route=\/wp\/v2\/types\/post"}],"author":[{"embeddable":true,"href":"https:\/\/zonaroja.com.mx\/index.php?rest_route=\/wp\/v2\/users\/2"}],"replies":[{"embeddable":true,"href":"https:\/\/zonaroja.com.mx\/index.php?rest_route=%2Fwp%2Fv2%2Fcomments&post=68950"}],"version-history":[{"count":1,"href":"https:\/\/zonaroja.com.mx\/index.php?rest_route=\/wp\/v2\/posts\/68950\/revisions"}],"predecessor-version":[{"id":68952,"href":"https:\/\/zonaroja.com.mx\/index.php?rest_route=\/wp\/v2\/posts\/68950\/revisions\/68952"}],"wp:featuredmedia":[{"embeddable":true,"href":"https:\/\/zonaroja.com.mx\/index.php?rest_route=\/wp\/v2\/media\/68951"}],"wp:attachment":[{"href":"https:\/\/zonaroja.com.mx\/index.php?rest_route=%2Fwp%2Fv2%2Fmedia&parent=68950"}],"wp:term":[{"taxonomy":"category","embeddable":true,"href":"https:\/\/zonaroja.com.mx\/index.php?rest_route=%2Fwp%2Fv2%2Fcategories&post=68950"},{"taxonomy":"post_tag","embeddable":true,"href":"https:\/\/zonaroja.com.mx\/index.php?rest_route=%2Fwp%2Fv2%2Ftags&post=68950"}],"curies":[{"name":"wp","href":"https:\/\/api.w.org\/{rel}","templated":true}]}}