{"id":68953,"date":"2024-05-31T22:20:10","date_gmt":"2024-06-01T04:20:10","guid":{"rendered":"https:\/\/zonaroja.com.mx\/?p=68953"},"modified":"2024-05-31T22:20:12","modified_gmt":"2024-06-01T04:20:12","slug":"asesinan-a-un-individuo-en-san-mateo-del-mar-oaxaca","status":"publish","type":"post","link":"https:\/\/zonaroja.com.mx\/?p=68953","title":{"rendered":"Asesinan a un individuo en San Mateo del Mar, Oaxaca"},"content":{"rendered":"\n<p>Redacci\u00f3n\/Zona Roja Cdmx.<\/p>\n\n\n\n<p>Ciudad de M\u00e9xico, a 31 de mayo de 2024.- En el \u00faltimo d\u00eda de mayo, una persona del sexo masculino fue asesinada en San Mateo del Mar, municipio de la regi\u00f3n Istmo de Tehuantepec, Oaxaca.<\/p>\n\n\n\n<p>De acuerdo con informes policiacos, el cuerpo de la v\u00edctima fue hallado con varios impactos de arma de fuego cerca de un plantel educativo.<\/p>\n\n\n\n<p>Fue identificado como C\u00e9sar M. B., de aproximadamente 18 a\u00f1os de edad, y a\u00fan se desconoce el m\u00f3vil del crimen as\u00ed como la identidad del o de los agresores.<\/p>\n\n\n\n<p>Personal de la Vicefiscal\u00eda Regional del Istmo, dependiente de la Fiscal\u00eda General del Estado de Oaxaca, inici\u00f3 la carpeta de investigaci\u00f3n correspondiente, con la finalidad de esclarecer los hechos.<\/p>\n","protected":false},"excerpt":{"rendered":"<p>Redacci\u00f3n\/Zona Roja Cdmx. Ciudad de M\u00e9xico, a 31 de mayo de 2024.- En el \u00faltimo&hellip;<\/p>\n","protected":false},"author":2,"featured_media":68050,"comment_status":"closed","ping_status":"open","sticky":false,"template":"","format":"standard","meta":{"_lmt_disableupdate":"","_lmt_disable":"","_jetpack_memberships_contains_paid_content":false,"footnotes":""},"categories":[109,51],"tags":[605],"class_list":["post-68953","post","type-post","status-publish","format-standard","has-post-thumbnail","hentry","category-minuto-a-minuto","category-zona-roja","tag-san-mateo-del-mar"],"jetpack_featured_media_url":"https:\/\/zonaroja.com.mx\/wp-content\/uploads\/2024\/05\/Escena-asesinato-crimen.jpg","jetpack_sharing_enabled":true,"_links":{"self":[{"href":"https:\/\/zonaroja.com.mx\/index.php?rest_route=\/wp\/v2\/posts\/68953","targetHints":{"allow":["GET"]}}],"collection":[{"href":"https:\/\/zonaroja.com.mx\/index.php?rest_route=\/wp\/v2\/posts"}],"about":[{"href":"https:\/\/zonaroja.com.mx\/index.php?rest_route=\/wp\/v2\/types\/post"}],"author":[{"embeddable":true,"href":"https:\/\/zonaroja.com.mx\/index.php?rest_route=\/wp\/v2\/users\/2"}],"replies":[{"embeddable":true,"href":"https:\/\/zonaroja.com.mx\/index.php?rest_route=%2Fwp%2Fv2%2Fcomments&post=68953"}],"version-history":[{"count":1,"href":"https:\/\/zonaroja.com.mx\/index.php?rest_route=\/wp\/v2\/posts\/68953\/revisions"}],"predecessor-version":[{"id":68954,"href":"https:\/\/zonaroja.com.mx\/index.php?rest_route=\/wp\/v2\/posts\/68953\/revisions\/68954"}],"wp:featuredmedia":[{"embeddable":true,"href":"https:\/\/zonaroja.com.mx\/index.php?rest_route=\/wp\/v2\/media\/68050"}],"wp:attachment":[{"href":"https:\/\/zonaroja.com.mx\/index.php?rest_route=%2Fwp%2Fv2%2Fmedia&parent=68953"}],"wp:term":[{"taxonomy":"category","embeddable":true,"href":"https:\/\/zonaroja.com.mx\/index.php?rest_route=%2Fwp%2Fv2%2Fcategories&post=68953"},{"taxonomy":"post_tag","embeddable":true,"href":"https:\/\/zonaroja.com.mx\/index.php?rest_route=%2Fwp%2Fv2%2Ftags&post=68953"}],"curies":[{"name":"wp","href":"https:\/\/api.w.org\/{rel}","templated":true}]}}