{"id":68961,"date":"2024-06-01T09:19:00","date_gmt":"2024-06-01T15:19:00","guid":{"rendered":"https:\/\/zonaroja.com.mx\/?p=68961"},"modified":"2024-06-01T07:20:59","modified_gmt":"2024-06-01T13:20:59","slug":"allanan-de-nuevo-oficinas-de-ong-codigo-dh-anuncia-cierre","status":"publish","type":"post","link":"https:\/\/zonaroja.com.mx\/?p=68961","title":{"rendered":"Allanan de nuevo oficinas de ONG C\u00f3digo DH; anuncia cierre"},"content":{"rendered":"\n<p>Ismael Garc\u00eda M.\/Zona Roja.<\/p>\n\n\n\n<p>Oaxaca de Ju\u00e1rez, Oax., a 1 de junio de 2024.- Por segunda ocasi\u00f3n en menos de una semana, las oficinas del organismo civil Comit\u00e9 de Defensa Integral de Derechos Humanos Gobixha A. C. (C\u00f3digo DH) en la ciudad de Oaxaca.<\/p>\n\n\n\n<p>\u201cEl equipo ha tomado la decisi\u00f3n de cerrar sus instalaciones en tanto no se nos garanticen por parte de las instituciones del estado condiciones de seguridad para continuar desarrollando nuestra labor de manera segura en nuestras oficinas\u201d, dijo a conocer en un comunicado.<\/p>\n\n\n\n<p>El primer ocurri\u00f3 el pasado 27 de mayo de 2024, en que se percataron que el mobiliario de la oficina estaba alterado, y faltaban bienes materiales y de valor en las instalaciones, tales como equipos de c\u00f3mputo, c\u00e1maras fotogr\u00e1ficas y de video, adem\u00e1s, de dinero en efectivo, entre otros bienes.<\/p>\n\n\n\n<p>El segundo allanamiento y robo ocurri\u00f3 la madrugada de ayer, pese a que los responsables de C\u00f3digo DH hab\u00edan denunciado los hechos y requerido seguridad y vigilancia para el domicilio.<\/p>\n\n\n\n<p>\u201cEsto que estamos viviendo no es un delito del orden com\u00fan, es un claro hostigamiento para inhibir nuestra acci\u00f3n de defensa, la cual no dejaremos de realizar, a\u00fan a distancia, porque no nos van a callar ni a detener\u201d, expuso en su comunicado.<\/p>\n\n\n\n<p>Demand\u00f3 a la Fiscal\u00eda General del Estado de Oaxaca una investigaci\u00f3n profesional, expedita, y apegada a derecho, que d\u00e9 con los culpables de esta serie intimidaciones y agravios, y garantice nuestro derecho a defender derechos humanos.<\/p>\n\n\n\n<p>\ufeff\ufeff\ufeffA la Defensor\u00eda de los Derechos Humanos del Pueblo de Oaxaca, a mejorar sus procedimientos para el otorgamiento de medidas cautelares a fin de garantizar una atenci\u00f3n r\u00e1pida bajo el principio de m\u00e1xima protecci\u00f3n.<\/p>\n\n\n\n<p>\ufeff\ufeff\ufeffA la Secretar\u00eda de Seguridad P\u00fablica garantice la seguridad y resguarde las instalaciones, como lo han solicitando de manera reiterada.<\/p>\n\n\n\n<p>\ufeff\ufeff\ufeffA la Coordinaci\u00f3n para la Atenci\u00f3n de los Derechos Humanos del Gobierno de Oaxaca demandaron desempe\u00f1e su labor de coordinar las medidas de protecci\u00f3n a nivel estatal y federal a fin de garantizar la labor y en general de las personas defensoras en Oaxaca.<\/p>\n\n\n\n<p>\u201c\ufeff\ufeff\ufeffA las organizaciones solidarias locales, nacionales e internaciones y todas las personas que nos han mostrado su apoyo y solidaridad, a mantener la exigencia para la seguridad del equipo de Codigo DH y en general de todas las personas defensoras de los derechos humanos en nuestro pa\u00eds\u201d, difundi\u00f3.<\/p>\n","protected":false},"excerpt":{"rendered":"<p>Ismael Garc\u00eda M.\/Zona Roja. Oaxaca de Ju\u00e1rez, Oax., a 1 de junio de 2024.- Por&hellip;<\/p>\n","protected":false},"author":2,"featured_media":68962,"comment_status":"closed","ping_status":"open","sticky":false,"template":"","format":"standard","meta":{"_lmt_disableupdate":"","_lmt_disable":"","_jetpack_memberships_contains_paid_content":false,"footnotes":""},"categories":[109,47],"tags":[247],"class_list":["post-68961","post","type-post","status-publish","format-standard","has-post-thumbnail","hentry","category-minuto-a-minuto","category-zona-gris","tag-codigo-dh"],"jetpack_featured_media_url":"https:\/\/zonaroja.com.mx\/wp-content\/uploads\/2024\/06\/Oficinas-Codigo-DH.jpg","jetpack_sharing_enabled":true,"_links":{"self":[{"href":"https:\/\/zonaroja.com.mx\/index.php?rest_route=\/wp\/v2\/posts\/68961","targetHints":{"allow":["GET"]}}],"collection":[{"href":"https:\/\/zonaroja.com.mx\/index.php?rest_route=\/wp\/v2\/posts"}],"about":[{"href":"https:\/\/zonaroja.com.mx\/index.php?rest_route=\/wp\/v2\/types\/post"}],"author":[{"embeddable":true,"href":"https:\/\/zonaroja.com.mx\/index.php?rest_route=\/wp\/v2\/users\/2"}],"replies":[{"embeddable":true,"href":"https:\/\/zonaroja.com.mx\/index.php?rest_route=%2Fwp%2Fv2%2Fcomments&post=68961"}],"version-history":[{"count":1,"href":"https:\/\/zonaroja.com.mx\/index.php?rest_route=\/wp\/v2\/posts\/68961\/revisions"}],"predecessor-version":[{"id":68963,"href":"https:\/\/zonaroja.com.mx\/index.php?rest_route=\/wp\/v2\/posts\/68961\/revisions\/68963"}],"wp:featuredmedia":[{"embeddable":true,"href":"https:\/\/zonaroja.com.mx\/index.php?rest_route=\/wp\/v2\/media\/68962"}],"wp:attachment":[{"href":"https:\/\/zonaroja.com.mx\/index.php?rest_route=%2Fwp%2Fv2%2Fmedia&parent=68961"}],"wp:term":[{"taxonomy":"category","embeddable":true,"href":"https:\/\/zonaroja.com.mx\/index.php?rest_route=%2Fwp%2Fv2%2Fcategories&post=68961"},{"taxonomy":"post_tag","embeddable":true,"href":"https:\/\/zonaroja.com.mx\/index.php?rest_route=%2Fwp%2Fv2%2Ftags&post=68961"}],"curies":[{"name":"wp","href":"https:\/\/api.w.org\/{rel}","templated":true}]}}