{"id":68967,"date":"2024-06-01T12:08:00","date_gmt":"2024-06-01T18:08:00","guid":{"rendered":"https:\/\/zonaroja.com.mx\/?p=68967"},"modified":"2024-06-01T08:12:42","modified_gmt":"2024-06-01T14:12:42","slug":"tension-en-municipios-de-oaxaca-en-la-vispera-de-elecciones","status":"publish","type":"post","link":"https:\/\/zonaroja.com.mx\/?p=68967","title":{"rendered":"Tensi\u00f3n en municipios de Oaxaca, en la v\u00edspera de elecciones\u00a0"},"content":{"rendered":"\n<p>Ismael Garc\u00eda M.\/Zona Roja.<\/p>\n\n\n\n<p>Oaxaca de Ju\u00e1rez, Oax., a 1 de junio de 2024.- A un d\u00eda de las elecciones, en Oaxaca al menos media docena de municipios enfrentan conflictos y en algunos casos han optado por impedir la instalaci\u00f3n de casillas de votaci\u00f3n.<\/p>\n\n\n\n<p>Ayer, comuneros de Santa Mar\u00eda Chimalapa, determinaron no permitir las elecciones de este 2 de junio tanto en la cabecera municipal como en las agencias.<\/p>\n\n\n\n<p>Lo anterior debido a que ni el gobierno federal ni el estatal han cumplido con concluir el conflicto lim\u00edtrofe con el estado de Chiapas, que de nuevo se encuentra en la Suprema Corte de Justicia de la Naci\u00f3n, tras errores en la delimitaci\u00f3n.<\/p>\n\n\n\n<p>Adem\u00e1s, para que se agilice la atenci\u00f3n a un incendio forestal en varios puntos, que aseguran ha afectado al menos 50 mil hect\u00e1reas.<\/p>\n\n\n\n<p>Una determinaci\u00f3n similar tom\u00f3 San Miguel Chimalapa, que amag\u00f3 tambi\u00e9n con impedir la instalaci\u00f3n de casillas.&nbsp;<\/p>\n\n\n\n<p>Otro reciente hecho reciente hecho ocurri\u00f3 anoche en San Antonio de la Cal, municipio de la regi\u00f3n Valles Centrales, en que la poblaci\u00f3n exigi\u00f3 la renuncia del presidente municipal, Porfirio Santos.<\/p>\n\n\n\n<p>Ello al argumentar m\u00faltiples irregularidades, entre ellas nula obra p\u00fablica y desv\u00edo de recursos. Para lo cual informaron que el pr\u00f3ximo domingo habr\u00e1 una asamblea para determinar su destituci\u00f3n.<\/p>\n\n\n\n<p>En la agencia Vicente Guerrero, de la Villa de Zaachila, persiste el amago de reanudar el bloqueo a la carretera federal 175, que cerraron durante dos d\u00edas de la semana.<\/p>\n\n\n\n<p>Lo anterior al insistir en que el presidente municipal morenista Rigoberto Chac\u00f3n P\u00e9rez se niega a cumplir con la conclusi\u00f3n de un pozo para dotar de agua a diversos asentamientos.<\/p>\n\n\n\n<p>Mientras que en el municipio de Soledad, Etla, tras la retenci\u00f3n y encarcelamiento del presidente municipal \u00c1ngel Yoshimar Cruz, anoche hubo una asamblea urgente, en que se analiz\u00f3 la problem\u00e1tica.<\/p>\n\n\n\n<p>Los vecinos insisten en que el edil desvi\u00f3 alrededor de cinco millones de pesos para una obra de unidad deportiva, pero que est\u00e1 inconclusa y presenta una serie de irregularidades, pese a lo cual la autoridad la decret\u00f3 como concluida.<\/p>\n\n\n\n<p>Tambi\u00e9n en Santiago Ayuquilla, los pobladores se apoderaron del palacio municipal, para exigir cuentas al presidente municipal Mary Cruz Mart\u00ednez y por inconformidad ante su inter\u00e9s por reelegirse.<\/p>\n\n\n\n<p>Gan\u00f3 por el Partido Acci\u00f3n Nacional y ahora se postul\u00f3 por el Partido del Trabajo y, de no hallar soluci\u00f3n a sus demandas, prev\u00e9n impedir la instalaci\u00f3n de casillas este domingo.<\/p>\n\n\n\n<p>En San Mateo del Mar, tambi\u00e9n un grupo de personas promueve que se impidan las elecciones ma\u00f1ana.<\/p>\n","protected":false},"excerpt":{"rendered":"<p>Ismael Garc\u00eda M.\/Zona Roja. Oaxaca de Ju\u00e1rez, Oax., a 1 de junio de 2024.- A&hellip;<\/p>\n","protected":false},"author":2,"featured_media":68971,"comment_status":"closed","ping_status":"open","sticky":false,"template":"","format":"standard","meta":{"_lmt_disableupdate":"","_lmt_disable":"","_jetpack_memberships_contains_paid_content":false,"footnotes":""},"categories":[109,47],"tags":[],"class_list":["post-68967","post","type-post","status-publish","format-standard","has-post-thumbnail","hentry","category-minuto-a-minuto","category-zona-gris"],"jetpack_featured_media_url":"https:\/\/zonaroja.com.mx\/wp-content\/uploads\/2024\/06\/Conflicto-San-Antonio-de-la-Cal.jpg","jetpack_sharing_enabled":true,"_links":{"self":[{"href":"https:\/\/zonaroja.com.mx\/index.php?rest_route=\/wp\/v2\/posts\/68967","targetHints":{"allow":["GET"]}}],"collection":[{"href":"https:\/\/zonaroja.com.mx\/index.php?rest_route=\/wp\/v2\/posts"}],"about":[{"href":"https:\/\/zonaroja.com.mx\/index.php?rest_route=\/wp\/v2\/types\/post"}],"author":[{"embeddable":true,"href":"https:\/\/zonaroja.com.mx\/index.php?rest_route=\/wp\/v2\/users\/2"}],"replies":[{"embeddable":true,"href":"https:\/\/zonaroja.com.mx\/index.php?rest_route=%2Fwp%2Fv2%2Fcomments&post=68967"}],"version-history":[{"count":1,"href":"https:\/\/zonaroja.com.mx\/index.php?rest_route=\/wp\/v2\/posts\/68967\/revisions"}],"predecessor-version":[{"id":68972,"href":"https:\/\/zonaroja.com.mx\/index.php?rest_route=\/wp\/v2\/posts\/68967\/revisions\/68972"}],"wp:featuredmedia":[{"embeddable":true,"href":"https:\/\/zonaroja.com.mx\/index.php?rest_route=\/wp\/v2\/media\/68971"}],"wp:attachment":[{"href":"https:\/\/zonaroja.com.mx\/index.php?rest_route=%2Fwp%2Fv2%2Fmedia&parent=68967"}],"wp:term":[{"taxonomy":"category","embeddable":true,"href":"https:\/\/zonaroja.com.mx\/index.php?rest_route=%2Fwp%2Fv2%2Fcategories&post=68967"},{"taxonomy":"post_tag","embeddable":true,"href":"https:\/\/zonaroja.com.mx\/index.php?rest_route=%2Fwp%2Fv2%2Ftags&post=68967"}],"curies":[{"name":"wp","href":"https:\/\/api.w.org\/{rel}","templated":true}]}}