{"id":68973,"date":"2024-06-01T13:00:00","date_gmt":"2024-06-01T19:00:00","guid":{"rendered":"https:\/\/zonaroja.com.mx\/?p=68973"},"modified":"2024-06-01T08:16:16","modified_gmt":"2024-06-01T14:16:16","slug":"plantea-diputado-comision-especial-de-seguimiento-a-violencia-en-proceso-electoral","status":"publish","type":"post","link":"https:\/\/zonaroja.com.mx\/?p=68973","title":{"rendered":"Plantea diputado Comisi\u00f3n Especial de Seguimiento a violencia en proceso electoral"},"content":{"rendered":"\n<p>Redacci\u00f3n\/Zona Roja.<\/p>\n\n\n\n<p>Oaxaca de Ju\u00e1rez, Oax., a 1 de junio de 2024.- El diputado federal del Partido Revolucionario Institucional (PRI), Javier Casique Z\u00e1rate, plante\u00f3 la creaci\u00f3n de una Comisi\u00f3n Especial de Seguimiento para coadyuvar en las investigaciones de los asesinatos y atentados por violencia pol\u00edtica durante el actual proceso electoral.<\/p>\n\n\n\n<p>\u201cNinguno de estos actos de violencia puede quedar impune y mucho menos debe quedar en el olvido\u201d, enfatiz\u00f3 en su intervenci\u00f3n durante la Reuni\u00f3n Ordinaria de la Comisi\u00f3n de Reforma Pol\u00edtico Electoral, en v\u00edspera de la jornada del 2 de junio.<\/p>\n\n\n\n<p>El tambi\u00e9n presidente del PRI en Oaxaca, hizo un llamado a cerrar filas para defender la democracia, a unir todas las voces y expresar un profundo rechazo ante la serie de atentados cometidos contra candidatas y candidatos de todas las fuerzas pol\u00edticas.<\/p>\n\n\n\n<p>Ante legisladores de diferentes partidos pol\u00edticos destac\u00f3 que \u201chay que exigir justicia para las v\u00edctimas\u201d y por ello, present\u00f3 un punto de acuerdo para que la C\u00e1mara de Diputados considere la instalaci\u00f3n de la Comisi\u00f3n Especial de Seguimiento por estos hechos tr\u00e1gicos que empa\u00f1an el proceso electoral.<\/p>\n\n\n\n<p>Apunt\u00f3 que el pr\u00f3ximo domingo viviremos una jornada hist\u00f3rica que definir\u00e1 el destino de la Naci\u00f3n, donde la exigencia a las autoridades responsables de todos los niveles de&nbsp;<\/p>\n\n\n\n<p>gobierno, es a garantizar una jornada electoral apegada a la legalidad, a la equidad y a la imparcialidad, con tranquilidad y en un clima de paz y armon\u00eda.<\/p>\n","protected":false},"excerpt":{"rendered":"<p>Redacci\u00f3n\/Zona Roja. Oaxaca de Ju\u00e1rez, Oax., a 1 de junio de 2024.- El diputado federal&hellip;<\/p>\n","protected":false},"author":2,"featured_media":68974,"comment_status":"closed","ping_status":"open","sticky":false,"template":"","format":"standard","meta":{"_lmt_disableupdate":"","_lmt_disable":"","_jetpack_memberships_contains_paid_content":false,"footnotes":""},"categories":[109,46],"tags":[3956],"class_list":["post-68973","post","type-post","status-publish","format-standard","has-post-thumbnail","hentry","category-minuto-a-minuto","category-zona-blanca","tag-javier-casique-zarate"],"jetpack_featured_media_url":"https:\/\/zonaroja.com.mx\/wp-content\/uploads\/2024\/06\/Javier-Casique-Zarate.jpeg","jetpack_sharing_enabled":true,"_links":{"self":[{"href":"https:\/\/zonaroja.com.mx\/index.php?rest_route=\/wp\/v2\/posts\/68973","targetHints":{"allow":["GET"]}}],"collection":[{"href":"https:\/\/zonaroja.com.mx\/index.php?rest_route=\/wp\/v2\/posts"}],"about":[{"href":"https:\/\/zonaroja.com.mx\/index.php?rest_route=\/wp\/v2\/types\/post"}],"author":[{"embeddable":true,"href":"https:\/\/zonaroja.com.mx\/index.php?rest_route=\/wp\/v2\/users\/2"}],"replies":[{"embeddable":true,"href":"https:\/\/zonaroja.com.mx\/index.php?rest_route=%2Fwp%2Fv2%2Fcomments&post=68973"}],"version-history":[{"count":1,"href":"https:\/\/zonaroja.com.mx\/index.php?rest_route=\/wp\/v2\/posts\/68973\/revisions"}],"predecessor-version":[{"id":68975,"href":"https:\/\/zonaroja.com.mx\/index.php?rest_route=\/wp\/v2\/posts\/68973\/revisions\/68975"}],"wp:featuredmedia":[{"embeddable":true,"href":"https:\/\/zonaroja.com.mx\/index.php?rest_route=\/wp\/v2\/media\/68974"}],"wp:attachment":[{"href":"https:\/\/zonaroja.com.mx\/index.php?rest_route=%2Fwp%2Fv2%2Fmedia&parent=68973"}],"wp:term":[{"taxonomy":"category","embeddable":true,"href":"https:\/\/zonaroja.com.mx\/index.php?rest_route=%2Fwp%2Fv2%2Fcategories&post=68973"},{"taxonomy":"post_tag","embeddable":true,"href":"https:\/\/zonaroja.com.mx\/index.php?rest_route=%2Fwp%2Fv2%2Ftags&post=68973"}],"curies":[{"name":"wp","href":"https:\/\/api.w.org\/{rel}","templated":true}]}}