{"id":68982,"date":"2024-06-01T18:39:06","date_gmt":"2024-06-02T00:39:06","guid":{"rendered":"https:\/\/zonaroja.com.mx\/?p=68982"},"modified":"2024-06-01T18:39:08","modified_gmt":"2024-06-02T00:39:08","slug":"en-municipio-de-reyes-etla-amagan-con-impedir-instalacion-de-casillas","status":"publish","type":"post","link":"https:\/\/zonaroja.com.mx\/?p=68982","title":{"rendered":"En municipio de Reyes, Etla, amagan con impedir instalaci\u00f3n de casillas"},"content":{"rendered":"\n<p>Raymundo Morales\/Zona Roja.<\/p>\n\n\n\n<p>Oaxaca de Ju\u00e1rez, Oax., a 1 de junio de 2024.- A los municipios de Villa de Zaachila, San Miguel y Santa Maria Chimalapa, San Mateo del Mar, entre otros, que pretenden impedir la instalaci\u00f3n de casillas, se uni\u00f3 Reyes, Etla.<\/p>\n\n\n\n<p>Ello debido a la inconformidad en contra del Instituto Estatal de Educaci\u00f3n P\u00fablica de Oaxaca (IEEPO), que no ha resuelto un antiguo conflicto sindical.<\/p>\n\n\n\n<p>Se trata de los padres de familia con alumnos en la escuela primaria \u201cResurgimiento\u201d, ubicada en el paraje Los Nogales del municipio de Reyes, que se encuentra en disputa.<\/p>\n\n\n\n<p>Su irritaci\u00f3n se debe a que la instituci\u00f3n que preside Emilio Motero P\u00e9rez sigue tolerando un m\u00f3dulo educativo ilegal en la calle Emiliano Zapata, sin que cuente con la documentaci\u00f3n oficial respectiva.<\/p>\n\n\n\n<p>El plantel que dirige el profesor Isaac G\u00f3mez Sosa fue instalado desde el a\u00f1o 2016 y contin\u00faa funcionando hasta la fecha con docentes de la Secci\u00f3n 22 del SNTE, pese a que no cuenta con la clave respectiva.<\/p>\n\n\n\n<p>Los padres de familia amagaron con impedir la instalaci\u00f3n de casillas en ese sitio, ya que hasta el momento no ha sido atendida su demanda de cancelaci\u00f3n de dicho centro educativo irregular, que utiliza de manera ilegal clave y sello de la escuela \u201cResurgimiento\u201d.<\/p>\n\n\n\n<p>Pidieron al titular del Ejecutivo estatal, Salom\u00f3n Jara Cruz, intervenir a la brevedad posible, antes de que comience la jornada electoral de ma\u00f1ana, pues de lo contrario no habr\u00e1 elecciones en dicho plantel.<\/p>\n","protected":false},"excerpt":{"rendered":"<p>Raymundo Morales\/Zona Roja. Oaxaca de Ju\u00e1rez, Oax., a 1 de junio de 2024.- A los&hellip;<\/p>\n","protected":false},"author":2,"featured_media":68983,"comment_status":"closed","ping_status":"open","sticky":false,"template":"","format":"standard","meta":{"_lmt_disableupdate":"","_lmt_disable":"","_jetpack_memberships_contains_paid_content":false,"footnotes":""},"categories":[109,47],"tags":[3957],"class_list":["post-68982","post","type-post","status-publish","format-standard","has-post-thumbnail","hentry","category-minuto-a-minuto","category-zona-gris","tag-reyes-etla"],"jetpack_featured_media_url":"https:\/\/zonaroja.com.mx\/wp-content\/uploads\/2024\/06\/Reyes-Etla.jpeg","jetpack_sharing_enabled":true,"_links":{"self":[{"href":"https:\/\/zonaroja.com.mx\/index.php?rest_route=\/wp\/v2\/posts\/68982","targetHints":{"allow":["GET"]}}],"collection":[{"href":"https:\/\/zonaroja.com.mx\/index.php?rest_route=\/wp\/v2\/posts"}],"about":[{"href":"https:\/\/zonaroja.com.mx\/index.php?rest_route=\/wp\/v2\/types\/post"}],"author":[{"embeddable":true,"href":"https:\/\/zonaroja.com.mx\/index.php?rest_route=\/wp\/v2\/users\/2"}],"replies":[{"embeddable":true,"href":"https:\/\/zonaroja.com.mx\/index.php?rest_route=%2Fwp%2Fv2%2Fcomments&post=68982"}],"version-history":[{"count":1,"href":"https:\/\/zonaroja.com.mx\/index.php?rest_route=\/wp\/v2\/posts\/68982\/revisions"}],"predecessor-version":[{"id":68984,"href":"https:\/\/zonaroja.com.mx\/index.php?rest_route=\/wp\/v2\/posts\/68982\/revisions\/68984"}],"wp:featuredmedia":[{"embeddable":true,"href":"https:\/\/zonaroja.com.mx\/index.php?rest_route=\/wp\/v2\/media\/68983"}],"wp:attachment":[{"href":"https:\/\/zonaroja.com.mx\/index.php?rest_route=%2Fwp%2Fv2%2Fmedia&parent=68982"}],"wp:term":[{"taxonomy":"category","embeddable":true,"href":"https:\/\/zonaroja.com.mx\/index.php?rest_route=%2Fwp%2Fv2%2Fcategories&post=68982"},{"taxonomy":"post_tag","embeddable":true,"href":"https:\/\/zonaroja.com.mx\/index.php?rest_route=%2Fwp%2Fv2%2Ftags&post=68982"}],"curies":[{"name":"wp","href":"https:\/\/api.w.org\/{rel}","templated":true}]}}