{"id":68985,"date":"2024-06-01T19:30:46","date_gmt":"2024-06-02T01:30:46","guid":{"rendered":"https:\/\/zonaroja.com.mx\/?p=68985"},"modified":"2024-06-01T19:30:48","modified_gmt":"2024-06-02T01:30:48","slug":"primer-ejecutado-a-balazos-de-junio-en-juchitan","status":"publish","type":"post","link":"https:\/\/zonaroja.com.mx\/?p=68985","title":{"rendered":"Primer ejecutado a balazos de junio, en Juchit\u00e1n"},"content":{"rendered":"\n<p>Raymundo Morales\/Zona Roja.<\/p>\n\n\n\n<p>Oaxaca de Ju\u00e1rez, Oax., a 1 de junio de 2024.- La primera ejecuci\u00f3n a balazos en Oaxaca de este 1 de junio ocurri\u00f3 en Juchit\u00e1n de Zaragoza.<\/p>\n\n\n\n<p>Fue la madrugada de hoy en un domicilio del callej\u00f3n El Encanto de la Sexta Secci\u00f3n de dicho municipio en que se perpetr\u00f3 el homicidio doloso.<\/p>\n\n\n\n<p>Sujetos armados ingresaron al inmueble y asesinaron a un hombre, identificado de manera preliminar como \u00d3scar G. J., de aproximadamente 40 a\u00f1os de edad.<\/p>\n\n\n\n<p>Tras ello huyeron de la zona y despu\u00e9s arribaron elementos de la polic\u00eda municipal que supuestamente efectuaron operativos de b\u00fasqueda, sin resultados positivos.<\/p>\n\n\n\n<p>Personal param\u00e9dico arrib\u00f3 tambi\u00e9n a brindar sus servicios, pero corrobor\u00f3 que la persona ya no contaba con signos vitales. La Vicefiscal\u00eda Regional del Istmo, dependiente de la Fiscal\u00eda General del Estado de Oaxaca, inici\u00f3 con las indagatorias correspondientes.<\/p>\n","protected":false},"excerpt":{"rendered":"<p>Raymundo Morales\/Zona Roja. Oaxaca de Ju\u00e1rez, Oax., a 1 de junio de 2024.- La primera&hellip;<\/p>\n","protected":false},"author":2,"featured_media":68986,"comment_status":"closed","ping_status":"open","sticky":false,"template":"","format":"standard","meta":{"_lmt_disableupdate":"","_lmt_disable":"","_jetpack_memberships_contains_paid_content":false,"footnotes":""},"categories":[109,51],"tags":[1140],"class_list":["post-68985","post","type-post","status-publish","format-standard","has-post-thumbnail","hentry","category-minuto-a-minuto","category-zona-roja","tag-juchita-de-zaragoza"],"jetpack_featured_media_url":"https:\/\/zonaroja.com.mx\/wp-content\/uploads\/2024\/06\/Ejecutado-Juchitan.jpg","jetpack_sharing_enabled":true,"_links":{"self":[{"href":"https:\/\/zonaroja.com.mx\/index.php?rest_route=\/wp\/v2\/posts\/68985","targetHints":{"allow":["GET"]}}],"collection":[{"href":"https:\/\/zonaroja.com.mx\/index.php?rest_route=\/wp\/v2\/posts"}],"about":[{"href":"https:\/\/zonaroja.com.mx\/index.php?rest_route=\/wp\/v2\/types\/post"}],"author":[{"embeddable":true,"href":"https:\/\/zonaroja.com.mx\/index.php?rest_route=\/wp\/v2\/users\/2"}],"replies":[{"embeddable":true,"href":"https:\/\/zonaroja.com.mx\/index.php?rest_route=%2Fwp%2Fv2%2Fcomments&post=68985"}],"version-history":[{"count":1,"href":"https:\/\/zonaroja.com.mx\/index.php?rest_route=\/wp\/v2\/posts\/68985\/revisions"}],"predecessor-version":[{"id":68987,"href":"https:\/\/zonaroja.com.mx\/index.php?rest_route=\/wp\/v2\/posts\/68985\/revisions\/68987"}],"wp:featuredmedia":[{"embeddable":true,"href":"https:\/\/zonaroja.com.mx\/index.php?rest_route=\/wp\/v2\/media\/68986"}],"wp:attachment":[{"href":"https:\/\/zonaroja.com.mx\/index.php?rest_route=%2Fwp%2Fv2%2Fmedia&parent=68985"}],"wp:term":[{"taxonomy":"category","embeddable":true,"href":"https:\/\/zonaroja.com.mx\/index.php?rest_route=%2Fwp%2Fv2%2Fcategories&post=68985"},{"taxonomy":"post_tag","embeddable":true,"href":"https:\/\/zonaroja.com.mx\/index.php?rest_route=%2Fwp%2Fv2%2Ftags&post=68985"}],"curies":[{"name":"wp","href":"https:\/\/api.w.org\/{rel}","templated":true}]}}