{"id":68994,"date":"2024-06-02T06:22:51","date_gmt":"2024-06-02T12:22:51","guid":{"rendered":"https:\/\/zonaroja.com.mx\/?p=68994"},"modified":"2024-06-02T06:22:53","modified_gmt":"2024-06-02T12:22:53","slug":"logra-seccion-22-avances-en-siete-puntos-pero-sigue-el-paro-y-planton","status":"publish","type":"post","link":"https:\/\/zonaroja.com.mx\/?p=68994","title":{"rendered":"Logra Secci\u00f3n 22 avances en siete puntos\u2026 pero sigue el paro y \u201cplant\u00f3n\u201d"},"content":{"rendered":"\n<p>Ismael Garc\u00eda M.\/Zona Roja.<\/p>\n\n\n\n<p>Oaxaca de Ju\u00e1rez, Oax., a 2 de junio de 2024.- Luego de varias horas de reuni\u00f3n con el gobernador Salom\u00f3n Jara Cruz, la Secci\u00f3n 22 del SNTE logr\u00f3 avances relevantes en el pliego petitorio; sin embargo, continuar\u00e1 el \u201cplant\u00f3n\u201d y paro de labores educativas, sin afectar las elecciones de este domingo.<\/p>\n\n\n\n<p>Anoche, la secretaria General, Yenny Aracely P\u00e9rez Mart\u00ednez, y el secretario de Organizaci\u00f3n, C\u00e9sar Zurita Garc\u00eda, dieron a conocer los avances alcanzados, al tiempo de llamar a las bases magisteriales a continuar con la jornada de lucha, que se reanuda ma\u00f1ana.<\/p>\n\n\n\n<p>De acuerdo con la dirigente sindical, se logr\u00f3 que el Gobierno del Estado adquiera un predio, en Santa Cruz Xoxocotl\u00e1n, para construir un hospital del tercer nivel del ISSSTE; una vez que se formalice la adquisici\u00f3n, se proceder\u00e1n con los tr\u00e1mites para el inicio de la construcci\u00f3n.<\/p>\n\n\n\n<p>Adem\u00e1s, se convino en un incremento del 35 por ciento para la alimentaci\u00f3n de los internados y CENDI\u00b4s del estado; no obstante, se mantiene la exigencia al gobierno federal que sea del 100 por ciento.<\/p>\n\n\n\n<p>En el caso de la demanda de los profesores jubilados, se acord\u00f3 el pago de un monto \u00fanico de 15 mil pesos por cada docente que no interpuso un recurso jur\u00eddico y un monto distinto, de acuerdo para cada caso, con quienes tienen una demanda ante la junta laboral.<\/p>\n\n\n\n<p>Tambi\u00e9n se logr\u00f3 la reactivaci\u00f3n de la Secretar\u00eda del Comit\u00e9 Administrador de Pr\u00e9stamos Personales (CAPP) cuyas cuentas fueron canceladas en 2016 con la dirigencia de Rub\u00e9n N\u00fa\u00f1ez Gines; el jueves se retomar\u00e1 mediante la reuni\u00f3n y cuenta con un monto que ya se ten\u00eda, que es de 28 millones de pesos.<\/p>\n\n\n\n<p>Con respecto a la demanda de profesores del nivel de Pueblos originarios, que cuentan con claves de promotores, iniciar\u00e1 la recategorizaci\u00f3n a partir del pr\u00f3ximo 10 de junio.<\/p>\n\n\n\n<p>Con respecto al caso de incidencias, de docentes que estaban por contrato, desde el pasado 22 de mayo los afectados comenzaron a entregar sus expedientes a la SEP y se agilizar\u00e1 el proceso para que puedan lograr su base.<\/p>\n\n\n\n<p>Aunado a ello, se logr\u00f3 que el Gobierno del Estado canalice 405 pesos para la adquisici\u00f3n de uniformes escolares, pero que ahora no ser\u00e1 en la modalidad de vales, sino que se entregar\u00e1n de manera directa.<\/p>\n\n\n\n<p>A\u00fan hay demandas pendientes que se retomar\u00e1n en la pr\u00f3xima mesa con el Presidente de la Rep\u00fablica, Andr\u00e9s Manuel L\u00f3pez Obrador, informaron los secretarios General y de Organizaci\u00f3n, por lo cual las movilizaciones continuar\u00e1n la pr\u00f3xima semana.<\/p>\n","protected":false},"excerpt":{"rendered":"<p>Ismael Garc\u00eda M.\/Zona Roja. Oaxaca de Ju\u00e1rez, Oax., a 2 de junio de 2024.- Luego&hellip;<\/p>\n","protected":false},"author":2,"featured_media":68995,"comment_status":"closed","ping_status":"open","sticky":false,"template":"","format":"standard","meta":{"_lmt_disableupdate":"","_lmt_disable":"","_jetpack_memberships_contains_paid_content":false,"footnotes":""},"categories":[109,46],"tags":[312],"class_list":["post-68994","post","type-post","status-publish","format-standard","has-post-thumbnail","hentry","category-minuto-a-minuto","category-zona-blanca","tag-seccion-22-del-snte"],"jetpack_featured_media_url":"https:\/\/zonaroja.com.mx\/wp-content\/uploads\/2024\/06\/Informe-Seccion-22-tras-negociaciones-con-gobernador-Jara.jpg","jetpack_sharing_enabled":true,"_links":{"self":[{"href":"https:\/\/zonaroja.com.mx\/index.php?rest_route=\/wp\/v2\/posts\/68994","targetHints":{"allow":["GET"]}}],"collection":[{"href":"https:\/\/zonaroja.com.mx\/index.php?rest_route=\/wp\/v2\/posts"}],"about":[{"href":"https:\/\/zonaroja.com.mx\/index.php?rest_route=\/wp\/v2\/types\/post"}],"author":[{"embeddable":true,"href":"https:\/\/zonaroja.com.mx\/index.php?rest_route=\/wp\/v2\/users\/2"}],"replies":[{"embeddable":true,"href":"https:\/\/zonaroja.com.mx\/index.php?rest_route=%2Fwp%2Fv2%2Fcomments&post=68994"}],"version-history":[{"count":1,"href":"https:\/\/zonaroja.com.mx\/index.php?rest_route=\/wp\/v2\/posts\/68994\/revisions"}],"predecessor-version":[{"id":68996,"href":"https:\/\/zonaroja.com.mx\/index.php?rest_route=\/wp\/v2\/posts\/68994\/revisions\/68996"}],"wp:featuredmedia":[{"embeddable":true,"href":"https:\/\/zonaroja.com.mx\/index.php?rest_route=\/wp\/v2\/media\/68995"}],"wp:attachment":[{"href":"https:\/\/zonaroja.com.mx\/index.php?rest_route=%2Fwp%2Fv2%2Fmedia&parent=68994"}],"wp:term":[{"taxonomy":"category","embeddable":true,"href":"https:\/\/zonaroja.com.mx\/index.php?rest_route=%2Fwp%2Fv2%2Fcategories&post=68994"},{"taxonomy":"post_tag","embeddable":true,"href":"https:\/\/zonaroja.com.mx\/index.php?rest_route=%2Fwp%2Fv2%2Ftags&post=68994"}],"curies":[{"name":"wp","href":"https:\/\/api.w.org\/{rel}","templated":true}]}}