{"id":68997,"date":"2024-06-02T09:36:00","date_gmt":"2024-06-02T15:36:00","guid":{"rendered":"https:\/\/zonaroja.com.mx\/?p=68997"},"modified":"2024-06-02T06:49:52","modified_gmt":"2024-06-02T12:49:52","slug":"por-fingir-enfermedad-retira-tribunal-electoral-candidatura-a-dante-montano","status":"publish","type":"post","link":"https:\/\/zonaroja.com.mx\/?p=68997","title":{"rendered":"Por fingir enfermedad, retira Tribunal Electoral candidatura a Dante Monta\u00f1o"},"content":{"rendered":"\n<p>Redacci\u00f3n\/Zona Roja.&nbsp;<\/p>\n\n\n\n<p>Oaxaca de Ju\u00e1rez, Oaxaca, a 2 de junio de 2024.- El Tribunal Electoral del Estado de Oaxaca (TEEO) revoc\u00f3 ayer el registro de Dante Monta\u00f1o Montero como candidato propietario en la segunda f\u00f3rmula de candidaturas de representaci\u00f3n proporcional, al Congreso del Estado de Oaxaca, postulado por el Partido del Trabajo (PT), porque no acredit\u00f3 contar con una discapacidad permanente.<\/p>\n\n\n\n<p>De un an\u00e1lisis a los documentos presentados por el PT para este registro, argument\u00f3 que, se advierte que la mencionada constancia no es suficiente para colmar el requisito aludido.<\/p>\n\n\n\n<p>La resoluci\u00f3n del Cuaderno de Antecedentes con clave: C.A.\/245\/2024, reencauzado a Juicio para la Protecci\u00f3n de los Derechos Pol\u00edtico Electorales del Ciudadano, por ser la v\u00eda id\u00f3nea, se\u00f1ala que la sola menci\u00f3n de contar con un padecimiento m\u00e9dico, es ineficaz para acreditar la candidatura como parte de la cuota para personas con discapacidad.<\/p>\n\n\n\n<p>Aclara, adem\u00e1s, que Dante Monta\u00f1o Montero acompa\u00f1\u00f3 una constancia respecto de su condici\u00f3n m\u00e9dica, la cual fue expedida el 29 de mayo del presente a\u00f1o, sin embargo, en estima de este Tribunal, dicha documental es insuficiente para que alcance su pretensi\u00f3n, al haberse presentado, fuera de los t\u00e9rminos que le fueron concedidos en su momento por el Consejo General del IEEPCO.<\/p>\n\n\n\n<p>En consecuencia, por unanimidad, el Pleno del TEEO revoc\u00f3 del acuerdo IEEPCO-CG-91\/2024 del Consejo General del Instituto Estatal Electoral y de Participaci\u00f3n Ciudadana de Oaxaca, el registro en menci\u00f3n.&nbsp;<\/p>\n","protected":false},"excerpt":{"rendered":"<p>Redacci\u00f3n\/Zona Roja.&nbsp; Oaxaca de Ju\u00e1rez, Oaxaca, a 2 de junio de 2024.- El Tribunal Electoral&hellip;<\/p>\n","protected":false},"author":2,"featured_media":68998,"comment_status":"closed","ping_status":"open","sticky":false,"template":"","format":"standard","meta":{"_lmt_disableupdate":"","_lmt_disable":"","_jetpack_memberships_contains_paid_content":false,"footnotes":""},"categories":[109,46],"tags":[585],"class_list":["post-68997","post","type-post","status-publish","format-standard","has-post-thumbnail","hentry","category-minuto-a-minuto","category-zona-blanca","tag-dante-montano-montero"],"jetpack_featured_media_url":"https:\/\/zonaroja.com.mx\/wp-content\/uploads\/2024\/06\/Dante-Montano-Montero.jpeg","jetpack_sharing_enabled":true,"_links":{"self":[{"href":"https:\/\/zonaroja.com.mx\/index.php?rest_route=\/wp\/v2\/posts\/68997","targetHints":{"allow":["GET"]}}],"collection":[{"href":"https:\/\/zonaroja.com.mx\/index.php?rest_route=\/wp\/v2\/posts"}],"about":[{"href":"https:\/\/zonaroja.com.mx\/index.php?rest_route=\/wp\/v2\/types\/post"}],"author":[{"embeddable":true,"href":"https:\/\/zonaroja.com.mx\/index.php?rest_route=\/wp\/v2\/users\/2"}],"replies":[{"embeddable":true,"href":"https:\/\/zonaroja.com.mx\/index.php?rest_route=%2Fwp%2Fv2%2Fcomments&post=68997"}],"version-history":[{"count":1,"href":"https:\/\/zonaroja.com.mx\/index.php?rest_route=\/wp\/v2\/posts\/68997\/revisions"}],"predecessor-version":[{"id":68999,"href":"https:\/\/zonaroja.com.mx\/index.php?rest_route=\/wp\/v2\/posts\/68997\/revisions\/68999"}],"wp:featuredmedia":[{"embeddable":true,"href":"https:\/\/zonaroja.com.mx\/index.php?rest_route=\/wp\/v2\/media\/68998"}],"wp:attachment":[{"href":"https:\/\/zonaroja.com.mx\/index.php?rest_route=%2Fwp%2Fv2%2Fmedia&parent=68997"}],"wp:term":[{"taxonomy":"category","embeddable":true,"href":"https:\/\/zonaroja.com.mx\/index.php?rest_route=%2Fwp%2Fv2%2Fcategories&post=68997"},{"taxonomy":"post_tag","embeddable":true,"href":"https:\/\/zonaroja.com.mx\/index.php?rest_route=%2Fwp%2Fv2%2Ftags&post=68997"}],"curies":[{"name":"wp","href":"https:\/\/api.w.org\/{rel}","templated":true}]}}