{"id":6900,"date":"2019-12-23T17:26:51","date_gmt":"2019-12-23T23:26:51","guid":{"rendered":"http:\/\/www.zonaroja.com.mx\/?p=6900"},"modified":"2019-12-23T17:26:53","modified_gmt":"2019-12-23T23:26:53","slug":"ejecutan-a-edil-y-sindico-de-jalapa-de-diaz-matan-a-elemento-de-aei","status":"publish","type":"post","link":"https:\/\/zonaroja.com.mx\/?p=6900","title":{"rendered":"Ejecutan a edil y s\u00edndico de Jalapa de D\u00edaz; matan a elemento de AEI"},"content":{"rendered":"\n<p>Ismael\nGarc\u00eda M.\/Zona Roja.<\/p>\n\n\n\n<p>Oaxaca de\nJu\u00e1rez, Oax., 23 de diciembre de 2019.- A escasas horas de que el gobernador\nAlejandro Murat encabezara una reuni\u00f3n de seguridad con mandos estatales y\nfederales, fueron ejecutados a balazos el edil de Jalapa de D\u00edaz y su s\u00edndico\nHacendario; asimismo, en un enfrentamiento con un grupo delictivo, perdi\u00f3 la\nvida un elemento de la Agencia Estatal de Investigaciones.<\/p>\n\n\n\n<p>Esta\ntarde, mientras el presidente municipal de Jalapa de D\u00edaz, Arturo Garc\u00eda\nVel\u00e1squez, y su s\u00edndico Javier Terrero, conviv\u00edan con mujeres y ni\u00f1os por las\nfiestas navide\u00f1as, un comando ingres\u00f3 y los atac\u00f3 a balazos.<\/p>\n\n\n\n<p>De\nacuerdo con los primeros reportes policiacos, el caso ocurri\u00f3 cuando el\nfuncionario municipal e integrantes de su cabildo estaban en un convivio al\nlado de personal del DIF municipal.<\/p>\n\n\n\n<p>Un\ncomando armado arrib\u00f3 y sorprendi\u00f3 a los escoltas, ejecutando al edil surgido\ndel Partido Morena y a su s\u00edndico.<\/p>\n\n\n\n<p>Tras el\ncrimen, a la zona se desplazaron los elementos de la Agencia Estatal de\nInvestigaciones (AEI) y personal de la Vicefiscal\u00eda Regional de la Cuenca, as\u00ed\ncomo polic\u00edas estatales y Guardia Nacional.<\/p>\n\n\n\n<p>El\npresidente municipal fue detenido el 24 de octubre &#8211;hace dos meses&#8211; por personal\nde la Fiscal\u00eda General del Estado y junto con otras seis personas eran acusadas\nde portaci\u00f3n de arma de fuego.<\/p>\n\n\n\n<p>El 1 de noviembre fue absuelto debido a las diligencias que realizaron sin apego a derecho.<\/p>\n\n\n\n<figure class=\"wp-block-embed-twitter wp-block-embed is-type-rich is-provider-twitter\"><div class=\"wp-block-embed__wrapper\">\n<div class=\"twitter-tweet\"><blockquote class=\"twitter-tweet\" data-lang=\"es\"><p lang=\"es\" dir=\"ltr\"><a href=\"https:\/\/twitter.com\/hashtag\/OaxacaRojo?src=hash&amp;ref_src=twsrc%5Etfw\">#OaxacaRojo<\/a><br>Lunes mortal en Oaxaca: mientras en la ciudad se celebra la \u201cNoche de r\u00e1banos\u201d, en jurisdicci\u00f3n de Zaachila enfrentamiento armado con saldo de dos heridos y un muerto, \u00e9ste elemento de la <a href=\"https:\/\/twitter.com\/AEI_Oaxaca?ref_src=twsrc%5Etfw\">@AEI_Oaxaca<\/a>. En Jalapa de D\u00edaz comando ejecuta en festejo a edil Arturo Garc\u00eda. <a href=\"https:\/\/t.co\/yblkhKiDlY\">pic.twitter.com\/yblkhKiDlY<\/a><\/p>&mdash; Zona Roja Oaxaca (@MexRoja) <a href=\"https:\/\/twitter.com\/MexRoja\/status\/1209236840957399040?ref_src=twsrc%5Etfw\">23 de diciembre de 2019<\/a><\/blockquote><\/div>\n<\/div><\/figure>\n\n\n\n<p>MATAN A\nAEI<\/p>\n\n\n\n<p>Por otra\nparte, en jurisdicci\u00f3n de la Villa de Zaachila, se suscit\u00f3 un enfrentamiento\nentre polic\u00edas e integrantes de un grupo de la delincuencia organizada, que\npretend\u00edan rescatar a un reo que trasladaba personal de la Agencia Estatal de\nInvestigaciones (AEI), dependiente de la Fiscal\u00eda General del Estado.<\/p>\n\n\n\n<p>Los\nhechos ocurrieron sobre la carretera federal 175, en inmediaciones del crucero\nconocido como la Y, en la agencia Vicente Guerrero. <\/p>\n\n\n\n<p>El\npresunto delincuente que pretend\u00edan recuperar es identificado como Jos\u00e9 Bernab\u00e9\nB. M., por lo cual se inici\u00f3 la persecuci\u00f3n; en el sitio se decomisaron al\nmenos dos veh\u00edculos, uno de ellos una camioneta negra marca Jeep.<\/p>\n\n\n\n<p>Dos\npersonas m\u00e1s resultaron lesionadas, en tanto que el fallecido fue identificado\ncomo el comandante Lugo, asesor del titular de la AEI. Pese al operativo de\nb\u00fasqueda, a\u00fan no han podido dar con los agresores.<\/p>\n","protected":false},"excerpt":{"rendered":"<p>Ismael Garc\u00eda M.\/Zona Roja. Oaxaca de Ju\u00e1rez, Oax., 23 de diciembre de 2019.- A escasas&hellip;<\/p>\n","protected":false},"author":2,"featured_media":6901,"comment_status":"closed","ping_status":"open","sticky":false,"template":"","format":"standard","meta":{"_lmt_disableupdate":"","_lmt_disable":"","_jetpack_memberships_contains_paid_content":false,"footnotes":""},"categories":[109,51],"tags":[930,580],"class_list":["post-6900","post","type-post","status-publish","format-standard","has-post-thumbnail","hentry","category-minuto-a-minuto","category-zona-roja","tag-arturo-garcia-velasquez","tag-san-felipe-jalapa-de-diaz"],"jetpack_featured_media_url":"https:\/\/zonaroja.com.mx\/wp-content\/uploads\/2019\/12\/dbfe8737-2488-4b44-a03a-8b52a7bc5bf2.jpg","jetpack_sharing_enabled":true,"_links":{"self":[{"href":"https:\/\/zonaroja.com.mx\/index.php?rest_route=\/wp\/v2\/posts\/6900","targetHints":{"allow":["GET"]}}],"collection":[{"href":"https:\/\/zonaroja.com.mx\/index.php?rest_route=\/wp\/v2\/posts"}],"about":[{"href":"https:\/\/zonaroja.com.mx\/index.php?rest_route=\/wp\/v2\/types\/post"}],"author":[{"embeddable":true,"href":"https:\/\/zonaroja.com.mx\/index.php?rest_route=\/wp\/v2\/users\/2"}],"replies":[{"embeddable":true,"href":"https:\/\/zonaroja.com.mx\/index.php?rest_route=%2Fwp%2Fv2%2Fcomments&post=6900"}],"version-history":[{"count":1,"href":"https:\/\/zonaroja.com.mx\/index.php?rest_route=\/wp\/v2\/posts\/6900\/revisions"}],"predecessor-version":[{"id":6902,"href":"https:\/\/zonaroja.com.mx\/index.php?rest_route=\/wp\/v2\/posts\/6900\/revisions\/6902"}],"wp:featuredmedia":[{"embeddable":true,"href":"https:\/\/zonaroja.com.mx\/index.php?rest_route=\/wp\/v2\/media\/6901"}],"wp:attachment":[{"href":"https:\/\/zonaroja.com.mx\/index.php?rest_route=%2Fwp%2Fv2%2Fmedia&parent=6900"}],"wp:term":[{"taxonomy":"category","embeddable":true,"href":"https:\/\/zonaroja.com.mx\/index.php?rest_route=%2Fwp%2Fv2%2Fcategories&post=6900"},{"taxonomy":"post_tag","embeddable":true,"href":"https:\/\/zonaroja.com.mx\/index.php?rest_route=%2Fwp%2Fv2%2Ftags&post=6900"}],"curies":[{"name":"wp","href":"https:\/\/api.w.org\/{rel}","templated":true}]}}