{"id":69004,"date":"2024-06-02T07:00:31","date_gmt":"2024-06-02T13:00:31","guid":{"rendered":"https:\/\/zonaroja.com.mx\/?p=69004"},"modified":"2024-06-02T07:00:33","modified_gmt":"2024-06-02T13:00:33","slug":"aprueba-ieepco-registro-de-candidatura-a-diputaciones-postuladas-por-el-prd","status":"publish","type":"post","link":"https:\/\/zonaroja.com.mx\/?p=69004","title":{"rendered":"Aprueba IEEPCO registro de candidatura a diputaciones postuladas por el PRD"},"content":{"rendered":"\n<p>Redacci\u00f3n\/Zona Roja.<\/p>\n\n\n\n<p>Oaxaca de Ju\u00e1rez, Oax.- En cumplimiento a la sentencia dictada por el Tribunal Electoral del Estado de Oaxaca (TEEO), el Consejo General del Instituto Estatal Electoral y de Participaci\u00f3n Ciudadana de Oaxaca (IEEPCO), aprob\u00f3 en Sesi\u00f3n Extraordinaria Urgente, el registro de la candidatura a diputada propietaria por el principio de representaci\u00f3n proporcional de la ciudadana Marylin Yuliana Gandarillas Carre\u00f1o, postulada por el Partido del Trabajo, como segunda f\u00f3rmula de su lista de candidaturas a diputaciones al Congreso del Estado por el principio de representaci\u00f3n proporcional, en el Proceso Electoral Ordinario 2023-2024.<\/p>\n\n\n\n<p>En la misma sesi\u00f3n, se neg\u00f3 el registro de la candidatura a diputado suplente por el principio de representaci\u00f3n proporcional postulada por el Partido del Trabajo, como segunda f\u00f3rmula de su lista de candidaturas a diputaciones al Congreso del Estado por el principio de representaci\u00f3n proporcional.<\/p>\n\n\n\n<p>SUSTITUCI\u00d3N DE CONCEJAL\u00cdAS<\/p>\n\n\n\n<p>Tambi\u00e9n en cumplimiento a las sentencias dictadas por el Tribunal Electoral del Estado de Oaxaca, el Consejo General del Instituto Estatal Electoral y de Participaci\u00f3n Ciudadana de Oaxaca (IEEPCO), aprob\u00f3 en otra Sesi\u00f3n Extraordinaria Urgente las solicitudes de sustituci\u00f3n presentadas por el Partido Revolucionario Institucional (PRI) para la elecci\u00f3n de concejal\u00edas a los ayuntamientos en el Proceso Electoral Ordinario 2023-2024.<\/p>\n\n\n\n<p>Con ello se aprueba el registro de las candidaturas a concejal\u00edas a los ayuntamientos de los municipios de Ci\u00e9nega de Zimatl\u00e1n, Santiago Tamazola, San Pedro Huilotepec, San Antonino Castillo Velasco, San Agust\u00edn Atenango, San Juan Bautista Tlacoazintepec y San Francisco del Mar.<\/p>\n\n\n\n<p>En la misma sesi\u00f3n se aprobaron como improcedentes las sustituciones presentadas por el PRI para los municipios de Jalapa del Marqu\u00e9s y Oaxaca de Ju\u00e1rez, as\u00ed como las que fueron presentadas en su momento por el Partido de la Revoluci\u00f3n Democr\u00e1tica (PRD), a los municipios de Huajuapan de Le\u00f3n, San Juan Bautista Valle Nacional, San Pedro Pochutla y Santiago Pinotepa Nacional, al no haberse presentado las ratificaciones de renuncia a las candidaturas.<\/p>\n\n\n\n<p>Adem\u00e1s se inform\u00f3 acerca del espacio vac\u00edo&nbsp; correspondiente a la candidatura a la concejal\u00eda cinco suplente al ayuntamiento del municipio de San Juan Bautista Valle Nacional, postulada por el PRD.<\/p>\n\n\n\n<p>De igual forma, se aprobaron las sustituciones a candidaturas postuladas por el Partido Verde Ecologista de M\u00e9xico en el ayuntamiento de Soledad Etla y Mat\u00edas romero Avenda\u00f1o y las sustituciones postuladas a Concejal\u00edas por Morena en los ayuntamientos de San Juan Bautista Valle Nacional y San Lucas Ojitl\u00e1n.<\/p>\n","protected":false},"excerpt":{"rendered":"<p>Redacci\u00f3n\/Zona Roja. Oaxaca de Ju\u00e1rez, Oax.- En cumplimiento a la sentencia dictada por el Tribunal&hellip;<\/p>\n","protected":false},"author":2,"featured_media":69005,"comment_status":"closed","ping_status":"open","sticky":false,"template":"","format":"standard","meta":{"_lmt_disableupdate":"","_lmt_disable":"","_jetpack_memberships_contains_paid_content":false,"footnotes":""},"categories":[109,46],"tags":[2932],"class_list":["post-69004","post","type-post","status-publish","format-standard","has-post-thumbnail","hentry","category-minuto-a-minuto","category-zona-blanca","tag-instituto-estatal-electoral-y-de-participacion-ciudadana-de-oaxaca-ieepco"],"jetpack_featured_media_url":"https:\/\/zonaroja.com.mx\/wp-content\/uploads\/2024\/06\/slider-5-am.jpg","jetpack_sharing_enabled":true,"_links":{"self":[{"href":"https:\/\/zonaroja.com.mx\/index.php?rest_route=\/wp\/v2\/posts\/69004","targetHints":{"allow":["GET"]}}],"collection":[{"href":"https:\/\/zonaroja.com.mx\/index.php?rest_route=\/wp\/v2\/posts"}],"about":[{"href":"https:\/\/zonaroja.com.mx\/index.php?rest_route=\/wp\/v2\/types\/post"}],"author":[{"embeddable":true,"href":"https:\/\/zonaroja.com.mx\/index.php?rest_route=\/wp\/v2\/users\/2"}],"replies":[{"embeddable":true,"href":"https:\/\/zonaroja.com.mx\/index.php?rest_route=%2Fwp%2Fv2%2Fcomments&post=69004"}],"version-history":[{"count":1,"href":"https:\/\/zonaroja.com.mx\/index.php?rest_route=\/wp\/v2\/posts\/69004\/revisions"}],"predecessor-version":[{"id":69006,"href":"https:\/\/zonaroja.com.mx\/index.php?rest_route=\/wp\/v2\/posts\/69004\/revisions\/69006"}],"wp:featuredmedia":[{"embeddable":true,"href":"https:\/\/zonaroja.com.mx\/index.php?rest_route=\/wp\/v2\/media\/69005"}],"wp:attachment":[{"href":"https:\/\/zonaroja.com.mx\/index.php?rest_route=%2Fwp%2Fv2%2Fmedia&parent=69004"}],"wp:term":[{"taxonomy":"category","embeddable":true,"href":"https:\/\/zonaroja.com.mx\/index.php?rest_route=%2Fwp%2Fv2%2Fcategories&post=69004"},{"taxonomy":"post_tag","embeddable":true,"href":"https:\/\/zonaroja.com.mx\/index.php?rest_route=%2Fwp%2Fv2%2Ftags&post=69004"}],"curies":[{"name":"wp","href":"https:\/\/api.w.org\/{rel}","templated":true}]}}