{"id":69007,"date":"2024-06-02T12:01:00","date_gmt":"2024-06-02T18:01:00","guid":{"rendered":"https:\/\/zonaroja.com.mx\/?p=69007"},"modified":"2024-06-02T07:03:14","modified_gmt":"2024-06-02T13:03:14","slug":"opinion-llego-el-dia","status":"publish","type":"post","link":"https:\/\/zonaroja.com.mx\/?p=69007","title":{"rendered":"Opini\u00f3n. \u00a1Lleg\u00f3 el d\u00eda!"},"content":{"rendered":"\n<p>N\u00e9stor Y. S\u00e1nchez Islas<\/p>\n\n\n\n<p>Como todas las voces de quienes saben que tienen una responsabilidad c\u00edvica con nuestro pa\u00eds, me sumo al llamado para salir a votar en la jornada del d\u00eda de hoy. El voto&nbsp;es&nbsp;libre y secreto&nbsp;y no debe haber pretexto para la&nbsp;abstenci\u00f3n.<\/p>\n\n\n\n<p>No buscamos santurrones para&nbsp;los&nbsp;altares, estamos eligiendo a personas con defectos y virtudes que deber\u00e1n encabezar las instituciones que todav\u00eda siguen en pie y, si es posible, elegir a quien comprenda que no somos un pa\u00eds bananero necesitado de caudillos sino de dirigentes sensatos&nbsp;con visi\u00f3n hacia el futuro.<\/p>\n\n\n\n<p>Para la decisi\u00f3n del voto&nbsp;tenemos&nbsp;tres d\u00edas de reflexi\u00f3n. As\u00ed que reflexionemos en voz alta y empecemos por la que me har\u00e1 decidir mi voto para elegir presidente municipal de Oaxaca de Ju\u00e1rez. No puedo dejar de lado que, en mi opini\u00f3n, hemos vivido las&nbsp;dos&nbsp;peores administraciones municipales de nuestra historia.<\/p>\n\n\n\n<p>Que nuestra gran capital vive las&nbsp;peores&nbsp;horas de abandono&nbsp;por falta de mantenimiento y obras, que es un caos y una anarqu\u00eda&nbsp;absoluta. Est\u00e1n postrados ante grupos porriles, pero muy feroces contra ciudadanos en solitario.&nbsp;La&nbsp;tolerancia del ambulantaje como pol\u00edtica p\u00fablica para mantener la informalidad y marginaci\u00f3n como instrumento de control pol\u00edtico.&nbsp;De la ciudad educadora no quedaron ni las intenciones.<\/p>\n\n\n\n<p>Me viene a la mente el enorme incremento&nbsp;del impuesto predial, sencillamente lo gentrificaron, pero con fines recaudatorios \u00fanicamente&nbsp;sin&nbsp;tener&nbsp;presenteque la tasa fiscal debe tomar en cuenta la capacidad de pago de la gente. Quiz\u00e1 se trate de ahorcar a los due\u00f1os de viejas construcciones en el centro para quit\u00e1rselas a la mala.<\/p>\n\n\n\n<p>No olvido lo que he vivido en las oficinas del catastro municipal en carne propia. D\u00edas y horas perdidos porque no quiere reconocer la autoridad que durante muchos a\u00f1os existi\u00f3 la costumbre de abrir cuentas prediales \u201cmadre\u201d en donde se&nbsp;unificaban en un solo n\u00famero&nbsp;varias&nbsp;cuentas&nbsp;de un mismo contribuyente, modalidad que ahora&nbsp;desconocen y alegan inexistencia de registros, lo que es una puerta abierta al c\u00e1rtel del despojo&nbsp;que, es muy probable, tenga operadores dentro de esas oficinas municipales.<\/p>\n\n\n\n<p>No olvido&nbsp;que solicit\u00e9&nbsp;en varias ocasiones&nbsp;audiencia con el se\u00f1or presidente municipal, pero tiene una muralla de servidores, y aduladores, que hacen hasta lo imposible por cerrar el paso. No escuchan a la gente, no quieren dialogar,&nbsp;carecen de sensibilidad y empat\u00eda.&nbsp;No olvido, finalmente,&nbsp;que su programa \u201cProtesta ciudadana\u201d no es m\u00e1s que una fachada para batear los problemas. Sigo esperando respuesta&nbsp;a mi solicituddesde el 26 de enero del a\u00f1o en curso.<\/p>\n\n\n\n<p>No s\u00e9&nbsp;qui\u00e9n&nbsp;vaya a ganar la elecci\u00f3n municipal, pero&nbsp;s\u00ed s\u00e9 que s\u00ed&nbsp;contin\u00faan&nbsp;los mismos deber\u00e9&nbsp;prep\u00e1rame para \u201caceitar\u201d los tr\u00e1mites como a la burocracia le gusta&nbsp;o, tal vez, convocar a otros afectados por la pol\u00edtica recaudatoria del catastro municipal y realizar un bloqueo. Es cierto, solo as\u00ed escucha este gobierno.<\/p>\n\n\n\n<p>Por cuanto a la reflexi\u00f3n sobre la elecci\u00f3n presidencial la lista de tristes recuerdos es mucho m\u00e1s grande. Vivimos una regresi\u00f3n a los tiempos de los caciques de horca y&nbsp;cuchillo para el control de la poblaci\u00f3n y&nbsp;el territorio.&nbsp;Pero&nbsp;el&nbsp;cacique&nbsp;de&nbsp;hoy&nbsp;al servicio del poder es&nbsp;el crimen organizado,&nbsp;y&nbsp;dejaron&nbsp;la horca y el cuchillo por las metralletas y los&nbsp;machetes&nbsp;para descuartizar, \u00bfC\u00f3mo&nbsp;ignorarlo?<\/p>\n\n\n\n<p>Cuando reflexiono sobre la izquierda mexicana no puedo&nbsp;pasar por alto&nbsp;su fracaso,&nbsp;al igual que el de&nbsp;algunas&nbsp;izquierdas latinoamericanas basadas en el resentimiento, mesianismo,&nbsp;irresponsabilidad,&nbsp;populismo&nbsp;y corrupci\u00f3n.&nbsp;Aqu\u00ed tenemos a miles de migrantes cubanos, venezolanos y nicarag\u00fcenses que nos lo recuerdan.&nbsp;No puedo dejar de comparar a nuestra izquierda con la asi\u00e1tica. China es una potencia mundial y Vietnam,&nbsp;que qued\u00f3 en ruinas al terminar la guerra con los Estados Unidos en 1975&nbsp;y es, adem\u00e1s, una dictadura comunista, est\u00e1 en camino de ser otra potencia&nbsp;econ\u00f3mica y militar&nbsp;y se ha convertido en&nbsp;un aliado de sus viejos enemigos, los&nbsp;EE. UU., en la b\u00fasqueda del bienestar de su poblaci\u00f3n<\/p>\n\n\n\n<p>No olvido que Corea del&nbsp;Sur, Dub\u00e1i, Singapur o Hong Kong eran, en los a\u00f1os 60, apenas unos pueblos de pescadores y hoy son enormes potencias econ\u00f3micas. El modelo educativo e ideol\u00f3gico de esa izquierda&nbsp;mexicana&nbsp;duerme en calidad de bulto desde hace varios d\u00edas sobre cartones en el z\u00f3calo de la Cdmx y aqu\u00ed.<\/p>\n\n\n\n<p>Del m\u00e1s reciente libro de Fernando Savater tomo prestadas algunas&nbsp;frases. \u201c\u00bfPor qu\u00e9 conserva la izquierda su buena fama, a pesar de los crueles fracasos hist\u00f3ricos que ha sufrido all\u00ed donde se ha impuesto?\u201d Y se responde el mismo&nbsp;afirmando que&nbsp;\u201cse ha establecido la norma de juzgar a las izquierdas por sus intenciones y a las derechas por sus resultados.\u201d<\/p>\n\n\n\n<p>El pa\u00eds est\u00e1 muy dividido.&nbsp;Es una ilusi\u00f3n que todos nos vayamos a tomar de las manos en armon\u00eda y seamos felices para siempre, pero necesitamos detener la din\u00e1mica de odios&nbsp;y&nbsp;resentimientos&nbsp;para volver a convivir m\u00e1s o menos en paz&nbsp;antes de llegar a una guerra civil.<\/p>\n\n\n\n<p>nestoryuri@yahoo.com<\/p>\n","protected":false},"excerpt":{"rendered":"<p>N\u00e9stor Y. S\u00e1nchez Islas Como todas las voces de quienes saben que tienen una responsabilidad&hellip;<\/p>\n","protected":false},"author":2,"featured_media":67897,"comment_status":"closed","ping_status":"open","sticky":false,"template":"","format":"standard","meta":{"_lmt_disableupdate":"","_lmt_disable":"","_jetpack_memberships_contains_paid_content":false,"footnotes":""},"categories":[456,109],"tags":[3050],"class_list":["post-69007","post","type-post","status-publish","format-standard","has-post-thumbnail","hentry","category-columna","category-minuto-a-minuto","tag-nestor-yuri-sanchez"],"jetpack_featured_media_url":"https:\/\/zonaroja.com.mx\/wp-content\/uploads\/2024\/05\/Opinion-Nestor-Yuri-Sanchez.jpeg","jetpack_sharing_enabled":true,"_links":{"self":[{"href":"https:\/\/zonaroja.com.mx\/index.php?rest_route=\/wp\/v2\/posts\/69007","targetHints":{"allow":["GET"]}}],"collection":[{"href":"https:\/\/zonaroja.com.mx\/index.php?rest_route=\/wp\/v2\/posts"}],"about":[{"href":"https:\/\/zonaroja.com.mx\/index.php?rest_route=\/wp\/v2\/types\/post"}],"author":[{"embeddable":true,"href":"https:\/\/zonaroja.com.mx\/index.php?rest_route=\/wp\/v2\/users\/2"}],"replies":[{"embeddable":true,"href":"https:\/\/zonaroja.com.mx\/index.php?rest_route=%2Fwp%2Fv2%2Fcomments&post=69007"}],"version-history":[{"count":1,"href":"https:\/\/zonaroja.com.mx\/index.php?rest_route=\/wp\/v2\/posts\/69007\/revisions"}],"predecessor-version":[{"id":69008,"href":"https:\/\/zonaroja.com.mx\/index.php?rest_route=\/wp\/v2\/posts\/69007\/revisions\/69008"}],"wp:featuredmedia":[{"embeddable":true,"href":"https:\/\/zonaroja.com.mx\/index.php?rest_route=\/wp\/v2\/media\/67897"}],"wp:attachment":[{"href":"https:\/\/zonaroja.com.mx\/index.php?rest_route=%2Fwp%2Fv2%2Fmedia&parent=69007"}],"wp:term":[{"taxonomy":"category","embeddable":true,"href":"https:\/\/zonaroja.com.mx\/index.php?rest_route=%2Fwp%2Fv2%2Fcategories&post=69007"},{"taxonomy":"post_tag","embeddable":true,"href":"https:\/\/zonaroja.com.mx\/index.php?rest_route=%2Fwp%2Fv2%2Ftags&post=69007"}],"curies":[{"name":"wp","href":"https:\/\/api.w.org\/{rel}","templated":true}]}}