{"id":69009,"date":"2024-06-02T13:03:00","date_gmt":"2024-06-02T19:03:00","guid":{"rendered":"https:\/\/zonaroja.com.mx\/?p=69009"},"modified":"2024-06-02T07:06:13","modified_gmt":"2024-06-02T13:06:13","slug":"advierten-que-la-scjn-legaliza-la-censura-en-medios-digitales","status":"publish","type":"post","link":"https:\/\/zonaroja.com.mx\/?p=69009","title":{"rendered":"Advierten que la SCJN \u201clegaliza la censura\u201d en medios digitales"},"content":{"rendered":"\n<p>Redacci\u00f3n\/Zona Roja Cdmx.<\/p>\n\n\n\n<p>Ciudad de M\u00e9xico, a 2 de junio de 2024.- La Suprema Corte de Justicia de la Naci\u00f3n (SCJN) determin\u00f3 recientemente la validez de las reformas a la Ley Federal de Derechos de Autor (LFDA) y el C\u00f3digo Penal Federal, impugnadas en acciones de inconstitucionalidad promovidas por la Comisi\u00f3n Nacional de los Derechos Humanos y una minor\u00eda del Senado de la Rep\u00fablica (217\/2020, y su acumulada 249\/2020).<\/p>\n\n\n\n<p>En la discusi\u00f3n del proyecto propuesto por el ministro Javier Laynez, el Pleno de la Corte resolvi\u00f3 validar, por 6 votos contra 5, la constitucionalidad del mecanismo de aviso y retirada, que obliga a los proveedores de servicios de Internet a retirar cualquier contenido o publicaci\u00f3n que haya sido acusada de violar los derechos de autor, sin necesidad de que la persona denunciante tenga que presentar prueba alguna de la infracci\u00f3n y sin que una autoridad administrativa o judicial lo ordene.<\/p>\n\n\n\n<p>A pesar de que existe amplia evidencia de que este mecanismo ha sido utilizado sistem\u00e1ticamente para censurar contenidos de inter\u00e9s p\u00fablico bajo supuestas violaciones a los derechos de autor, la mayor\u00eda del Pleno consider\u00f3 que la medida es constitucional, debido que la ley contempla sanciones para quienes abusen de este instrumento, as\u00ed como un sistema de contra-aviso para restaurar el material removido.<\/p>\n\n\n\n<p>No obstante, la misma ley se\u00f1ala que el contra-aviso no genera la restauraci\u00f3n autom\u00e1tica del contenido, sino que deben transcurrir al menos 15 d\u00edas h\u00e1biles, en lo que la persona que hizo la notificaci\u00f3n decide si denuncia o demanda ante otra instancia, en cuyo caso la remoci\u00f3n se mantendr\u00eda por tiempo indefinido. Adem\u00e1s, aun cuando los contenidos sean restituidos despu\u00e9s de la presentaci\u00f3n de un contra-aviso, el da\u00f1o a la libertad de expresi\u00f3n, tanto en su dimensi\u00f3n individual como colectiva, ya estar\u00eda hecho. Especialmente en contextos din\u00e1micos como el de protesta o el electoral.<\/p>\n","protected":false},"excerpt":{"rendered":"<p>Redacci\u00f3n\/Zona Roja Cdmx. Ciudad de M\u00e9xico, a 2 de junio de 2024.- La Suprema Corte&hellip;<\/p>\n","protected":false},"author":2,"featured_media":69010,"comment_status":"closed","ping_status":"open","sticky":false,"template":"","format":"standard","meta":{"_lmt_disableupdate":"","_lmt_disable":"","_jetpack_memberships_contains_paid_content":false,"footnotes":""},"categories":[109,47],"tags":[69],"class_list":["post-69009","post","type-post","status-publish","format-standard","has-post-thumbnail","hentry","category-minuto-a-minuto","category-zona-gris","tag-libertad-de-expresion"],"jetpack_featured_media_url":"https:\/\/zonaroja.com.mx\/wp-content\/uploads\/2024\/06\/Prensa-libertad-de-expresion.jpg","jetpack_sharing_enabled":true,"_links":{"self":[{"href":"https:\/\/zonaroja.com.mx\/index.php?rest_route=\/wp\/v2\/posts\/69009","targetHints":{"allow":["GET"]}}],"collection":[{"href":"https:\/\/zonaroja.com.mx\/index.php?rest_route=\/wp\/v2\/posts"}],"about":[{"href":"https:\/\/zonaroja.com.mx\/index.php?rest_route=\/wp\/v2\/types\/post"}],"author":[{"embeddable":true,"href":"https:\/\/zonaroja.com.mx\/index.php?rest_route=\/wp\/v2\/users\/2"}],"replies":[{"embeddable":true,"href":"https:\/\/zonaroja.com.mx\/index.php?rest_route=%2Fwp%2Fv2%2Fcomments&post=69009"}],"version-history":[{"count":1,"href":"https:\/\/zonaroja.com.mx\/index.php?rest_route=\/wp\/v2\/posts\/69009\/revisions"}],"predecessor-version":[{"id":69011,"href":"https:\/\/zonaroja.com.mx\/index.php?rest_route=\/wp\/v2\/posts\/69009\/revisions\/69011"}],"wp:featuredmedia":[{"embeddable":true,"href":"https:\/\/zonaroja.com.mx\/index.php?rest_route=\/wp\/v2\/media\/69010"}],"wp:attachment":[{"href":"https:\/\/zonaroja.com.mx\/index.php?rest_route=%2Fwp%2Fv2%2Fmedia&parent=69009"}],"wp:term":[{"taxonomy":"category","embeddable":true,"href":"https:\/\/zonaroja.com.mx\/index.php?rest_route=%2Fwp%2Fv2%2Fcategories&post=69009"},{"taxonomy":"post_tag","embeddable":true,"href":"https:\/\/zonaroja.com.mx\/index.php?rest_route=%2Fwp%2Fv2%2Ftags&post=69009"}],"curies":[{"name":"wp","href":"https:\/\/api.w.org\/{rel}","templated":true}]}}