{"id":69014,"date":"2024-06-02T14:10:00","date_gmt":"2024-06-02T20:10:00","guid":{"rendered":"https:\/\/zonaroja.com.mx\/?p=69014"},"modified":"2024-06-02T07:13:40","modified_gmt":"2024-06-02T13:13:40","slug":"conquista-china-la-cara-oculta-de-la-luna","status":"publish","type":"post","link":"https:\/\/zonaroja.com.mx\/?p=69014","title":{"rendered":"Conquista China la cara oculta de la Luna"},"content":{"rendered":"\n<p>Redacci\u00f3n\/Zona Roja Cdmx.<\/p>\n\n\n\n<p>Ciudad de M\u00e9xico, a 2 de junio de 2024.- La combinaci\u00f3n de m\u00f3dulos de aterrizaje y ascenso de la sonda lunar Chang&#8217;e-6 de China logr\u00f3 posarse con \u00e9xito en la zona de aterrizaje designada en la Cuenca del Polo Sur-Aitken, en la cara oculta de la Luna, el domingo por la ma\u00f1ana, para recoger muestras lunares, anunci\u00f3 la Administraci\u00f3n Nacional Espacial de China.<\/p>\n\n\n\n<p>Agreg\u00f3 que ser\u00e1 la primera vez que se recolectan muestras de esta zona poco explorada de la Luna. El Chang&#8217;e realiza una misi\u00f3n t\u00e9cnicamente compleja de 53 d\u00edas que comenz\u00f3 el 3 de mayo. Ahora que aluniz\u00f3, intentar\u00e1 recoger polvo y rocas lunares, as\u00ed como efectuar otros experimentos en su cercan\u00eda.<\/p>\n\n\n\n<p>El proceso deber\u00e1 ser completado en dos d\u00edas.<\/p>\n\n\n\n<p>La sonda emplear\u00e1 dos m\u00e9todos de recolecci\u00f3n: un taladro para recoger muestras bajo la superficie y un brazo rob\u00f3tico para tomar muestras sobre la superficie. Posteriormente deber\u00e1 intentar un lanzamiento sin precedentes desde el lado oscuro de la Luna.<\/p>\n\n\n\n<p>Los cient\u00edficos dicen que el lado oscuro de la Luna -llamado as\u00ed porque no es visible desde la Tierra- tiene gran potencial para la investigaci\u00f3n porque sus cr\u00e1teres est\u00e1n menos cubiertos por los antiguos flujos de lava de la cara visible.<\/p>\n\n\n\n<p>El material recolectado del lado oscuro puede brindar informaci\u00f3n sobre c\u00f3mo se form\u00f3 la Luna.<\/p>\n\n\n\n<p>(Informaci\u00f3n de Xinhua y AFP en \u201cLa Jornada\u201d<\/p>\n","protected":false},"excerpt":{"rendered":"<p>Redacci\u00f3n\/Zona Roja Cdmx. Ciudad de M\u00e9xico, a 2 de junio de 2024.- La combinaci\u00f3n de&hellip;<\/p>\n","protected":false},"author":2,"featured_media":69015,"comment_status":"closed","ping_status":"open","sticky":false,"template":"","format":"standard","meta":{"_lmt_disableupdate":"","_lmt_disable":"","_jetpack_memberships_contains_paid_content":false,"footnotes":""},"categories":[109,46],"tags":[],"class_list":["post-69014","post","type-post","status-publish","format-standard","has-post-thumbnail","hentry","category-minuto-a-minuto","category-zona-blanca"],"jetpack_featured_media_url":"https:\/\/zonaroja.com.mx\/wp-content\/uploads\/2024\/06\/China-conquista-la-Luna.jpeg","jetpack_sharing_enabled":true,"_links":{"self":[{"href":"https:\/\/zonaroja.com.mx\/index.php?rest_route=\/wp\/v2\/posts\/69014","targetHints":{"allow":["GET"]}}],"collection":[{"href":"https:\/\/zonaroja.com.mx\/index.php?rest_route=\/wp\/v2\/posts"}],"about":[{"href":"https:\/\/zonaroja.com.mx\/index.php?rest_route=\/wp\/v2\/types\/post"}],"author":[{"embeddable":true,"href":"https:\/\/zonaroja.com.mx\/index.php?rest_route=\/wp\/v2\/users\/2"}],"replies":[{"embeddable":true,"href":"https:\/\/zonaroja.com.mx\/index.php?rest_route=%2Fwp%2Fv2%2Fcomments&post=69014"}],"version-history":[{"count":1,"href":"https:\/\/zonaroja.com.mx\/index.php?rest_route=\/wp\/v2\/posts\/69014\/revisions"}],"predecessor-version":[{"id":69016,"href":"https:\/\/zonaroja.com.mx\/index.php?rest_route=\/wp\/v2\/posts\/69014\/revisions\/69016"}],"wp:featuredmedia":[{"embeddable":true,"href":"https:\/\/zonaroja.com.mx\/index.php?rest_route=\/wp\/v2\/media\/69015"}],"wp:attachment":[{"href":"https:\/\/zonaroja.com.mx\/index.php?rest_route=%2Fwp%2Fv2%2Fmedia&parent=69014"}],"wp:term":[{"taxonomy":"category","embeddable":true,"href":"https:\/\/zonaroja.com.mx\/index.php?rest_route=%2Fwp%2Fv2%2Fcategories&post=69014"},{"taxonomy":"post_tag","embeddable":true,"href":"https:\/\/zonaroja.com.mx\/index.php?rest_route=%2Fwp%2Fv2%2Ftags&post=69014"}],"curies":[{"name":"wp","href":"https:\/\/api.w.org\/{rel}","templated":true}]}}