{"id":69028,"date":"2024-06-03T07:17:33","date_gmt":"2024-06-03T13:17:33","guid":{"rendered":"https:\/\/zonaroja.com.mx\/?p=69028"},"modified":"2024-06-03T07:17:34","modified_gmt":"2024-06-03T13:17:34","slug":"asesina-a-candidato-que-ganaba-elecciones-en-municipio-de-oaxaca","status":"publish","type":"post","link":"https:\/\/zonaroja.com.mx\/?p=69028","title":{"rendered":"Asesina a candidato que ganaba elecciones en municipio de Oaxaca"},"content":{"rendered":"\n<p>Ismael Garc\u00eda M.\/Zona Roja.<\/p>\n\n\n\n<p>Oaxaca de Ju\u00e1rez, Oax., a 3 de junio de 2024.- Una persona fue asesinada a balazos la madrugada de este lunes y otra m\u00e1s result\u00f3 lesionada en Santo Domingo Armenta, municipio de la Costa chica de Oaxaca.<\/p>\n\n\n\n<p>De acuerdo con los primeros reportes policiacos, la v\u00edctima fue identificada como Yonis Aten\u00f3genes&nbsp; Ba\u00f1os Bustos, candidato del Partido Revolucionario Institucional a la presidencia municipal, y quien aventajaba en el conteo; un integrante de su equipo de campa\u00f1a result\u00f3 tambi\u00e9n lesionado.<\/p>\n\n\n\n<p>Fue atacado por sujetos armados cuando se hallaba en su casa de campa\u00f1a y los agresores lograron huir; la Vicefiscal\u00eda Regional de la Costa inform\u00f3 que realiza las indagatorias correspondientes.<\/p>\n\n\n\n<p>EN JALTEPEC<\/p>\n\n\n\n<p>Por otra parte, en Jaltepec de Candayoc, agencia de San Juan Cotzoc\u00f3n Mixe, ayer fue ultimado a balazos un individuo en un caso que, seg\u00fan las autoridades estatales y ministeriales, no est\u00e1 relacionado con el proceso electoral de este 2 de junio.<\/p>\n\n\n\n<p>Fue alrededor de las 06:15 horas en que la hoy v\u00edctima, identificada como Ranulfo V. M., acudi\u00f3 al campo a supervisar su ganado que pastaba, cuando fue atacado por disparos de arma de fuego y perdi\u00f3 la vida en el sitio.<\/p>\n\n\n\n<p>Por otra parte, en el municipio de Mat\u00edas Romero Avenda\u00f1o, regi\u00f3n del Istmo, fue hallado el cuerpo sin vida de una persona del sexo masculino y a\u00fan se desconoce las causas del deceso.<\/p>\n\n\n\n<p>Fue localizado en un paraje ubicado en el tramo de las localidades Hierba Santa a Paso Guayabo.<\/p>\n","protected":false},"excerpt":{"rendered":"<p>Ismael Garc\u00eda M.\/Zona Roja. Oaxaca de Ju\u00e1rez, Oax., a 3 de junio de 2024.- Una&hellip;<\/p>\n","protected":false},"author":2,"featured_media":65347,"comment_status":"closed","ping_status":"open","sticky":false,"template":"","format":"standard","meta":{"_lmt_disableupdate":"","_lmt_disable":"","_jetpack_memberships_contains_paid_content":false,"footnotes":""},"categories":[109,51],"tags":[1039],"class_list":["post-69028","post","type-post","status-publish","format-standard","has-post-thumbnail","hentry","category-minuto-a-minuto","category-zona-roja","tag-santo-domingo-armenta"],"jetpack_featured_media_url":"https:\/\/zonaroja.com.mx\/wp-content\/uploads\/2024\/02\/Escena-asesinato-homicidio-crimen.jpeg.webp","jetpack_sharing_enabled":true,"_links":{"self":[{"href":"https:\/\/zonaroja.com.mx\/index.php?rest_route=\/wp\/v2\/posts\/69028","targetHints":{"allow":["GET"]}}],"collection":[{"href":"https:\/\/zonaroja.com.mx\/index.php?rest_route=\/wp\/v2\/posts"}],"about":[{"href":"https:\/\/zonaroja.com.mx\/index.php?rest_route=\/wp\/v2\/types\/post"}],"author":[{"embeddable":true,"href":"https:\/\/zonaroja.com.mx\/index.php?rest_route=\/wp\/v2\/users\/2"}],"replies":[{"embeddable":true,"href":"https:\/\/zonaroja.com.mx\/index.php?rest_route=%2Fwp%2Fv2%2Fcomments&post=69028"}],"version-history":[{"count":1,"href":"https:\/\/zonaroja.com.mx\/index.php?rest_route=\/wp\/v2\/posts\/69028\/revisions"}],"predecessor-version":[{"id":69029,"href":"https:\/\/zonaroja.com.mx\/index.php?rest_route=\/wp\/v2\/posts\/69028\/revisions\/69029"}],"wp:featuredmedia":[{"embeddable":true,"href":"https:\/\/zonaroja.com.mx\/index.php?rest_route=\/wp\/v2\/media\/65347"}],"wp:attachment":[{"href":"https:\/\/zonaroja.com.mx\/index.php?rest_route=%2Fwp%2Fv2%2Fmedia&parent=69028"}],"wp:term":[{"taxonomy":"category","embeddable":true,"href":"https:\/\/zonaroja.com.mx\/index.php?rest_route=%2Fwp%2Fv2%2Fcategories&post=69028"},{"taxonomy":"post_tag","embeddable":true,"href":"https:\/\/zonaroja.com.mx\/index.php?rest_route=%2Fwp%2Fv2%2Ftags&post=69028"}],"curies":[{"name":"wp","href":"https:\/\/api.w.org\/{rel}","templated":true}]}}