{"id":6903,"date":"2019-12-23T18:52:34","date_gmt":"2019-12-24T00:52:34","guid":{"rendered":"http:\/\/www.zonaroja.com.mx\/?p=6903"},"modified":"2019-12-23T19:02:43","modified_gmt":"2019-12-24T01:02:43","slug":"presidente-del-congreso-condena-crimen-de-edil-de-jalapa-que-fgr-atraiga-caso","status":"publish","type":"post","link":"https:\/\/zonaroja.com.mx\/?p=6903","title":{"rendered":"Presidente del Congreso condena crimen de edil de Jalapa; que FGR atraiga caso"},"content":{"rendered":"\n<p>Redacci\u00f3n\/Zona\nRoja.<\/p>\n\n\n\n<p>Oaxaca de\nJu\u00e1rez, Oax., 23 de diciembre de 2019.- El presidente de la Junta de\nCoordinaci\u00f3n Pol\u00edtica de la 64 Legislatura de Oaxaca, Horacio Sosa\nVillavicencio, conden\u00f3 el asesinato del edil de Jalapa de D\u00edaz y el s\u00edndico\nHacendario.<\/p>\n\n\n\n<p>Y ante la desconfianza por la deficiente labor de la Fiscal\u00eda General del Estado de Oaxaca, que encabeza Rub\u00e9n Vasconcelos M\u00e9ndez, pidi\u00f3 al gobierno de la Rep\u00fablica que el caso lo atraiga la Fiscal\u00eda General de la Rep\u00fablica (FGR).<\/p>\n\n\n\n<p>\u201cCondeno\nel cobarde asesinato del presidente municipal de Jalapa de D\u00edaz, Arturo Garc\u00eda,\ny el del su s\u00edndico, Javier Terrero. Exijo que este cobarde crimen no se sume a\nlas filas de la impunidad que prevalece en Oaxaca\u201d, difundi\u00f3 a trav\u00e9s de redes\nsociales.<\/p>\n\n\n\n<p>\u201cMe sumo\na la exigencia de que las investigaciones las atraiga la FGR Mexico. Estos\nhechos evidencian la inseguridad que viven las familias de Oaxaca. El silencio\ny la desatenci\u00f3n del Gobierno del Estado no pueden ser la respuesta.<\/p>\n\n\n\n<p>\u201cSe\u00f1or gobernador Alejandro Murat, que caiga quien tenga que caer. \u00a1La simulaci\u00f3n nos conducir\u00e1 una vez m\u00e1s a la impunidad!\u201d, escribi\u00f3 el diputado local por el Partido Morena y l\u00edder de esa fracci\u00f3n parlamentaria en el Congreso local.<\/p>\n\n\n\n<figure class=\"wp-block-image\"><img decoding=\"async\" width=\"940\" height=\"741\" src=\"http:\/\/www.zonaroja.com.mx\/wp-content\/uploads\/2019\/10\/Edil-Jalapa-y-AMLO.jpg\" alt=\"\" class=\"wp-image-5214\" srcset=\"https:\/\/zonaroja.com.mx\/wp-content\/uploads\/2019\/10\/Edil-Jalapa-y-AMLO.jpg 940w, https:\/\/zonaroja.com.mx\/wp-content\/uploads\/2019\/10\/Edil-Jalapa-y-AMLO-300x236.jpg 300w, https:\/\/zonaroja.com.mx\/wp-content\/uploads\/2019\/10\/Edil-Jalapa-y-AMLO-768x605.jpg 768w, https:\/\/zonaroja.com.mx\/wp-content\/uploads\/2019\/10\/Edil-Jalapa-y-AMLO-585x461.jpg 585w\" sizes=\"(max-width: 940px) 100vw, 940px\" \/><\/figure>\n\n\n\n<p>TAMBI\u00c9N\nSENADOR<\/p>\n\n\n\n<p>Por su\nparte, el senador por Morena, Salom\u00f3n Jara Cruz, asegur\u00f3 recrimin\u00f3 el crimen\ndel edil de Jalapa de D\u00edaz, ocurrido hoy, y record\u00f3 que fue encarcelado\ninjustamente.<\/p>\n\n\n\n<p>Denunci\u00f3\nomisi\u00f3n por parte de las autoridades estatales para brindarle seguridad ante\namenazas y exigi\u00f3 que la Federaci\u00f3n investigue el caso.<\/p>\n\n\n\n<p>\u201cCondeno\neste artero asesinato y exijo se haga justicia, no conf\u00edo en la Fiscal\u00eda\nestatal, solicito que las autoridades federales atraigan el caso, escribi\u00f3 en redes\nsociales.<\/p>\n","protected":false},"excerpt":{"rendered":"<p>Redacci\u00f3n\/Zona Roja. Oaxaca de Ju\u00e1rez, Oax., 23 de diciembre de 2019.- El presidente de la&hellip;<\/p>\n","protected":false},"author":2,"featured_media":0,"comment_status":"closed","ping_status":"open","sticky":false,"template":"","format":"standard","meta":{"_lmt_disableupdate":"","_lmt_disable":"","_jetpack_memberships_contains_paid_content":false,"footnotes":""},"categories":[109,51],"tags":[930,444,580],"class_list":["post-6903","post","type-post","status-publish","format-standard","hentry","category-minuto-a-minuto","category-zona-roja","tag-arturo-garcia-velasquez","tag-horacio-sosa-villavicencio","tag-san-felipe-jalapa-de-diaz"],"jetpack_featured_media_url":"","jetpack_sharing_enabled":true,"_links":{"self":[{"href":"https:\/\/zonaroja.com.mx\/index.php?rest_route=\/wp\/v2\/posts\/6903","targetHints":{"allow":["GET"]}}],"collection":[{"href":"https:\/\/zonaroja.com.mx\/index.php?rest_route=\/wp\/v2\/posts"}],"about":[{"href":"https:\/\/zonaroja.com.mx\/index.php?rest_route=\/wp\/v2\/types\/post"}],"author":[{"embeddable":true,"href":"https:\/\/zonaroja.com.mx\/index.php?rest_route=\/wp\/v2\/users\/2"}],"replies":[{"embeddable":true,"href":"https:\/\/zonaroja.com.mx\/index.php?rest_route=%2Fwp%2Fv2%2Fcomments&post=6903"}],"version-history":[{"count":2,"href":"https:\/\/zonaroja.com.mx\/index.php?rest_route=\/wp\/v2\/posts\/6903\/revisions"}],"predecessor-version":[{"id":6905,"href":"https:\/\/zonaroja.com.mx\/index.php?rest_route=\/wp\/v2\/posts\/6903\/revisions\/6905"}],"wp:attachment":[{"href":"https:\/\/zonaroja.com.mx\/index.php?rest_route=%2Fwp%2Fv2%2Fmedia&parent=6903"}],"wp:term":[{"taxonomy":"category","embeddable":true,"href":"https:\/\/zonaroja.com.mx\/index.php?rest_route=%2Fwp%2Fv2%2Fcategories&post=6903"},{"taxonomy":"post_tag","embeddable":true,"href":"https:\/\/zonaroja.com.mx\/index.php?rest_route=%2Fwp%2Fv2%2Ftags&post=6903"}],"curies":[{"name":"wp","href":"https:\/\/api.w.org\/{rel}","templated":true}]}}