{"id":69035,"date":"2024-06-03T08:25:14","date_gmt":"2024-06-03T14:25:14","guid":{"rendered":"https:\/\/zonaroja.com.mx\/?p=69035"},"modified":"2024-06-03T08:25:16","modified_gmt":"2024-06-03T14:25:16","slug":"opinion-gana-mexico-gana-con-claudia","status":"publish","type":"post","link":"https:\/\/zonaroja.com.mx\/?p=69035","title":{"rendered":"Opini\u00f3n. Gana M\u00e9xico\u2026 \u00bfGana con Claudia?"},"content":{"rendered":"\n<p>Ismael Garc\u00eda M.\/Zona Roja.<\/p>\n\n\n\n<p>Oaxaca, Oax., a 3 de junio de 2024.- En lo que todos podremos estar de acuerdo, sin duda, es que fue una elecci\u00f3n ejemplar, pese a la magnitud de los cargos en disputa.<\/p>\n\n\n\n<p>Que, aunque hubo algunos hechos de violencia, no fueron la generalidad y los homicidios registrados este domingo no superan para nada a los cr\u00edmenes que cotidianamente se registran en nuestro pa\u00eds.<\/p>\n\n\n\n<p>S\u00ed, gan\u00f3 M\u00e9xico, ganaron las y los mexicanos, que desde temprana hora hicieron largas filas para para depositar su voto en las urnas; finalmente los hechos violentos, y lamentables, a lo largo de las campa\u00f1as, no sembraron el miedo.<\/p>\n\n\n\n<p>Gan\u00f3 Claudia Sheinbaum y hace historia porque por primera vez M\u00e9xico tendr\u00e1 una Presidenta. Una mujer ocupar\u00e1 por seis a\u00f1os la silla presidencial.<\/p>\n\n\n\n<p>\u00bfGan\u00f3 M\u00e9xico con Claudia? Eso est\u00e1 por verse, porque para reivindicar a Morena y ganarse el cari\u00f1o de la gente por s\u00ed misma, tendr\u00e1 que dejar atr\u00e1s el cord\u00f3n umbilical que lo ata con Andr\u00e9s Manuel L\u00f3pez Obrador.<\/p>\n\n\n\n<p>MORENA PEOR<\/p>\n\n\n\n<p>Porque en menos de una d\u00e9cada, Morena se ha corrompido hasta la saciedad \u2014como el caso de Oaxaca, en que perdon\u00f3 a los priistas Alejandros, Murat y Avil\u00e9s, todas sus tropel\u00edas\u2014 con tal de obtener triunfos\u2026 y de todas maneras no han sido arrasadores.<\/p>\n\n\n\n<p>Inici\u00f3 con un conflicto interno para designar al o a la abanderada y hasta ahora la herida interna no ha cicatrizado; el tabasque\u00f1o Ad\u00e1n Augusto L\u00f3pez a\u00fan no est\u00e1 convencido de haber sido desplazado por el dedo presidencial de su paisano.<\/p>\n\n\n\n<p>S\u00ed; Claudia Sheinbaum es producto de la imposici\u00f3n de Andr\u00e9s Manuel L\u00f3pez Obrador, as\u00ed haya tenido que pasar por encima de los amigos, o por encima de mejores cuadros como Marcelo Ebrard, que por cierto no tuvo agallas para reclamar e insubordinarse.<\/p>\n\n\n\n<p>No hubo tal encuesta interna y s\u00ed acarreo demencial en todos los estados del pa\u00eds para formar a una mujer apol\u00edtica como la presidenciable.<\/p>\n\n\n\n<p>Y tras ello, una flagrante violaci\u00f3n a la ley de los morenistas al hacer recorridos de precampa\u00f1a a lo largo y ancho del pa\u00eds, bajo la burla de conferencias acad\u00e9micas o cualquier otro pretexto.<\/p>\n\n\n\n<p>Y en seguida, de nuevo la farsa para formalizar la designaci\u00f3n de Morena y m\u00e1s campa\u00f1a con acarreo de miles de personas.<\/p>\n\n\n\n<p>Pero en tres meses de campa\u00f1a, Claudia Sheinbaum no ha podido, no pudo, quitarse la marca L\u00f3pez Obrador, pues copi\u00f3 hasta los m\u00ednimos gestos, adem\u00e1s de todo el discurso del tabasque\u00f1o.<\/p>\n\n\n\n<p>Tampoco le import\u00f3 rodearse de priistas, incluyendo al ex gobernador del Estado de M\u00e9xico y del de Oaxaca, todo con tal ganar la elecci\u00f3n, que lo hizo con amplio margen.<\/p>\n\n\n\n<p>Qu\u00e9 bien por M\u00e9xico, que tendr\u00e1 una mujer presidenta por primera vez; s\u00f3lo que las y los mexicanos esperan que ahora s\u00ed haya una transformaci\u00f3n del pa\u00eds, pero sobre todo, que no se promueva m\u00e1s la divisi\u00f3n de clases sociales y el encono.<\/p>\n\n\n\n<p>Si fuera posible aliarse con el diablo, Morena lo har\u00eda o lo seguir\u00eda haciendo, pues no le importa otorgar impunidad a diestra y siniestra, sino el poder, a cualquier costo. El asunto es que con esa ambici\u00f3n en absoluto contribuyen al desarrollo del pa\u00eds.<\/p>\n\n\n\n<p>ADI\u00d3S AMLO<\/p>\n\n\n\n<p>Ya se va Andr\u00e9s Manuel L\u00f3pez Obrador. Mejor dicho, se va pero no se va, pues ha dejado a Claudia Sheinbaum todo un entramado de intereses de tal manera que pueda desde \u201cLa Chingada\u201d, seguir moviendo los hilos morenistas.<\/p>\n\n\n\n<p>Tras un disfraz democr\u00e1tico, finalmente se revel\u00f3 un hombre rencoroso, tirano, autoritario y enfermo de poder.<\/p>\n\n\n\n<p>S\u00ed, hizo algunas obras importantes en casi seis a\u00f1os, que aqu\u00ed hemos citado, pero de todas ellas ninguna se ha consolidado ni funcionado adecuadamente.<\/p>\n\n\n\n<p>Ah\u00ed est\u00e1 el Aeropuerto Internacional \u201cFelipe \u00c1ngeles\u201d, que sigue vac\u00edo; ah\u00ed est\u00e1 la refiner\u00eda \u201cDos Bocas\u201d, que sigue sin refinar; ah\u00ed est\u00e1 el Corredor Interoce\u00e1nico, que lo \u00fanico que tiene son trenes de pasajeros seminuevos.<\/p>\n\n\n\n<p>Ah\u00ed est\u00e1 el Tren Maya, con una larga y grave devastaci\u00f3n ambiental, que sigue sin funcionar.<\/p>\n\n\n\n<p>Est\u00e1 tambi\u00e9n una larga estela roja, con cerca de 200 mil personas asesinadas en lo que va del sexenio morenista y un pa\u00eds cada vez m\u00e1s en vilo ante la grave inseguridad.<\/p>\n\n\n\n<p>Chiapas y Tabasco, por ejemplo, eran entidades otrora tranquilas pero hoy reina el crimen organizado, al igual que se ha asentado en el resto del pa\u00eds.<\/p>\n\n\n\n<p>Ah\u00ed est\u00e1 su enfermiza preocupaci\u00f3n por los \u201cconservadores\u201d del pasado, ente opositor difuso y \u00fatil para culpar de sus errores.&nbsp;<\/p>\n\n\n\n<p>Y sus graves y constantes ataques a los medios de comunicaci\u00f3n tradicionales, que sin duda dej\u00f3 tambi\u00e9n un triste saldo fatal de cr\u00edmenes y violencia contra periodistas.<\/p>\n\n\n\n<p>O sus constantes pleitos, innecesarios, con naciones de Am\u00e9rica y de otras latitudes, como Espa\u00f1a, contrario a la buena vecindad y a la diplomacia.<\/p>\n\n\n\n<p>\u00bfCu\u00e1nto tardar\u00e1 en consolidarse las megobras de L\u00f3pez Obrador? Dif\u00edcil precisar, pues hasta el momento son \u201celefantes blancos\u201d.<\/p>\n\n\n\n<p>Arras\u00f3 con las instituciones y las dej\u00f3 endebles, como es el caso del sistema de salud, colapsado tras dos experimentos.<\/p>\n\n\n\n<p>Pero tambi\u00e9n qued\u00f3 demostrado en su sexenio que la oposici\u00f3n permanece, que no ha podido abatir al Poder Judicial para tener el poder total; que ha tenido que recurrir a otros partidos, como el PVEM y el PT para imponerse en el Poder Legislativo.<\/p>\n\n\n\n<p>EL RETO<\/p>\n\n\n\n<p>Claudia Sheinbaum tiene muchos retos: uno de ellos rescatar a un pa\u00eds sumido en la inseguridad, con excesivo crecimiento y expansi\u00f3n de los grupos del crimen organizado.<\/p>\n\n\n\n<p>Tambi\u00e9n, convocar a la unidad y de una vez por todas terminar con las divisiones de ricos y pobres, que para lo \u00fanico que ha servido son para acelerar el crispamiento social.<\/p>\n\n\n\n<p>Reencauzar los programas sociales y que no sean una f\u00e1brica de votos para el morenismo; priorizar la atenci\u00f3n institucional a la salud de las personas.<\/p>\n\n\n\n<p>Impulsar una verdadera transformaci\u00f3n del pa\u00eds, de desarrollo y estabilidad econ\u00f3mica pero para todos los sectores. Respetar la pluralidad ideol\u00f3gica y partidista. Respetar a los medios de comunicaci\u00f3n y dejar de agredir a las y los periodistas desde el p\u00falpito presidencial.<\/p>\n\n\n\n<p>Definitivamente hay mucho por hacer pero falta que la deje actuar Andr\u00e9s Manuel L\u00f3pez Obrador, quien su principal sue\u00f1o es consumarse como un dictador, as\u00ed sea detr\u00e1s del trono. Y falta que Claudia tenga agallas para desarrollar su propia personalidad y dejar atr\u00e1s la marca obradorista.<\/p>\n","protected":false},"excerpt":{"rendered":"<p>Ismael Garc\u00eda M.\/Zona Roja. Oaxaca, Oax., a 3 de junio de 2024.- En lo que&hellip;<\/p>\n","protected":false},"author":2,"featured_media":67764,"comment_status":"closed","ping_status":"open","sticky":false,"template":"","format":"standard","meta":{"_lmt_disableupdate":"","_lmt_disable":"","_jetpack_memberships_contains_paid_content":false,"footnotes":""},"categories":[456,109,48],"tags":[1353],"class_list":["post-69035","post","type-post","status-publish","format-standard","has-post-thumbnail","hentry","category-columna","category-minuto-a-minuto","category-zona-critica","tag-opinion-zona-critica"],"jetpack_featured_media_url":"https:\/\/zonaroja.com.mx\/wp-content\/uploads\/2024\/04\/Opinion-Zona-Roja-Ismael-Garcia.jpg","jetpack_sharing_enabled":true,"_links":{"self":[{"href":"https:\/\/zonaroja.com.mx\/index.php?rest_route=\/wp\/v2\/posts\/69035","targetHints":{"allow":["GET"]}}],"collection":[{"href":"https:\/\/zonaroja.com.mx\/index.php?rest_route=\/wp\/v2\/posts"}],"about":[{"href":"https:\/\/zonaroja.com.mx\/index.php?rest_route=\/wp\/v2\/types\/post"}],"author":[{"embeddable":true,"href":"https:\/\/zonaroja.com.mx\/index.php?rest_route=\/wp\/v2\/users\/2"}],"replies":[{"embeddable":true,"href":"https:\/\/zonaroja.com.mx\/index.php?rest_route=%2Fwp%2Fv2%2Fcomments&post=69035"}],"version-history":[{"count":1,"href":"https:\/\/zonaroja.com.mx\/index.php?rest_route=\/wp\/v2\/posts\/69035\/revisions"}],"predecessor-version":[{"id":69036,"href":"https:\/\/zonaroja.com.mx\/index.php?rest_route=\/wp\/v2\/posts\/69035\/revisions\/69036"}],"wp:featuredmedia":[{"embeddable":true,"href":"https:\/\/zonaroja.com.mx\/index.php?rest_route=\/wp\/v2\/media\/67764"}],"wp:attachment":[{"href":"https:\/\/zonaroja.com.mx\/index.php?rest_route=%2Fwp%2Fv2%2Fmedia&parent=69035"}],"wp:term":[{"taxonomy":"category","embeddable":true,"href":"https:\/\/zonaroja.com.mx\/index.php?rest_route=%2Fwp%2Fv2%2Fcategories&post=69035"},{"taxonomy":"post_tag","embeddable":true,"href":"https:\/\/zonaroja.com.mx\/index.php?rest_route=%2Fwp%2Fv2%2Ftags&post=69035"}],"curies":[{"name":"wp","href":"https:\/\/api.w.org\/{rel}","templated":true}]}}