{"id":69037,"date":"2024-06-03T12:36:00","date_gmt":"2024-06-03T18:36:00","guid":{"rendered":"https:\/\/zonaroja.com.mx\/?p=69037"},"modified":"2024-06-03T08:39:13","modified_gmt":"2024-06-03T14:39:13","slug":"lideres-de-otras-naciones-felicitan-a-claudia-sheinbaum","status":"publish","type":"post","link":"https:\/\/zonaroja.com.mx\/?p=69037","title":{"rendered":"L\u00edderes de otras naciones felicitan a Claudia Sheinbaum"},"content":{"rendered":"\n<p>Redacci\u00f3n\/Zona Roja Cdmx.<\/p>\n\n\n\n<p>Ciudad de M\u00e9xico, a 3 de junio de 2024.- Luego de los resultados que dan la victoria a Claudia Sheinbaum como la nueva presidenta de M\u00e9xico, varias personalidades se han sumado a las felicitaciones a la representante del partido del Movimiento de Regeneraci\u00f3n Nacional (Morena), Claudia Sheinbaum Pardo, a partir de este lunes 3 de junio.<\/p>\n\n\n\n<p>Una de las primeras personalidades en desearle lo mejor en el nuevo sexenio fue Justin Trudeau, primer ministro de Canad\u00e1.<\/p>\n\n\n\n<p>\u201cFelicitaciones a la presidenta electa de M\u00e9xico, Claudia Sheinbaum, por una victoria hist\u00f3rica. Nuestro acuerdo de libre comercio es la envidia del mundo y el resultado de una relaci\u00f3n s\u00f3lida y mutuamente beneficiosa\u201d, estas fueron algunas de las expresiones del Trudeau, quien se pronunci\u00f3 a trav\u00e9s de su cuenta de X.<\/p>\n\n\n\n<p>La presidenta de la Comisi\u00f3n Europea, Ursula von der Leyen, tambi\u00e9n lanz\u00f3 sus mejores deseos tras el triunfo de Claudia.<\/p>\n\n\n\n<p>\u201cFelicidades Claudia Sheinbaum por su hist\u00f3rica elecci\u00f3n como la primera mujer Presidenta de M\u00e9xico. M\u00e9xico y la UE comparten profundos v\u00ednculos hist\u00f3ricos, econ\u00f3micos y culturales. Espero fortalecer nuestras relaciones bilaterales bajo su liderazgo\u201d, escribi\u00f3 en redes sociales.<\/p>\n\n\n\n<p>El presidente de Colombia, Gustavo Petro, enfatiz\u00f3 que haber ganado las elecciones es un hecho sin precedentes para el pa\u00eds.<\/p>\n\n\n\n<p>\u201cFelicitaciones a mi amiga Claudia Sheinbaum, juntos trabajaremos por ver a Am\u00e9rica Latina unida y progresando\u201d, fueron parte de sus palabras que comparti\u00f3 en su cuenta oficial de X, que acompa\u00f1\u00f3 con una fotograf\u00eda en la que se observa en compa\u00f1\u00eda de Sheinbaum Pardo.<\/p>\n\n\n\n<p>El presidente de Espa\u00f1a, Pedro S\u00e1nchez y de Chile, Gabriel Boric Font externaron su apoyo, luego de las elecciones hist\u00f3ricas de M\u00e9xico y respaldaron a la pr\u00f3xima mujer presidenta para seguir trabajando y fortalecer sus relaciones internacionales.<\/p>\n\n\n\n<p>Los festejos se reflejan en redes sociales desde las 11:00 de la noche del domingo 2 de junio, pues algunos l\u00edderes pol\u00edticos internacionales arrojaron palabras de celebraci\u00f3n por el posible triunfo de la aspirante del partido guinda.<\/p>\n\n\n\n<p>El presidente de Bolivia, Evo Morales, destac\u00f3 la humildad de Sheinbaum Pardo y envi\u00f3 un saludo especial a la candidata.<\/p>\n\n\n\n<p>\u201cCompartimos la alegr\u00eda de su triunfo junto a Alberto Fern\u00e1ndez\u201d, escribi\u00f3 en su cuenta oficial de la red social X.<\/p>\n\n\n\n<p>Mientras que el expresidente de Argentina, Alberto Fern\u00e1ndez, comparti\u00f3 un video a trav\u00e9s de la misma red, donde se observa abrazando a Sheinbaum Pardo.<\/p>\n\n\n\n<p>\u201cYa se conocen los primeros datos del escrutinio de la elecci\u00f3n presidencial de M\u00e9xico. He tenido el privilegio de poder abrazar a quien ser\u00e1 la nueva presidenta de este querido pa\u00eds, nuestra querida Claudia\u201d, fueron parte de las palabras que comparten el clip que subi\u00f3 a su cuenta personal.<\/p>\n\n\n\n<p>La expresidenta de Argentina, Cristina Fern\u00e1ndez de Kirchner, tambi\u00e9n aplaudi\u00f3 su triunfo y declar\u00f3 que ser\u00eda la primera mujer presidenta de M\u00e9xico.<\/p>\n\n\n\n<p>\u201cSaludamos desde Argentina, nuestro pa\u00eds, al pueblo mexicano por la hist\u00f3rica jornada democr\u00e1tica que protagoniz\u00f3. Y felicitamos al Movimiento de Regeneraci\u00f3n Nacional (Morena) por el triunfo obtenido en las urnas y a quien fuera su candidata, hoy la primera Presidenta de M\u00e9xico, Dra. Claudia Sheinbaum\u201d.<\/p>\n\n\n\n<p>El expresidende de Ecuador, Rafael Correa, asegur\u00f3 que se ve\u00eda una notable ventaja de la aspirante de la coalici\u00f3n Juntos Haremos Historia y expres\u00f3 frases de alegr\u00eda, debido a los resultados preliminares. \u201c\u00a1Viva Claudia!; \u00a1Viva M\u00e9xico!; \u00a1Viva Latinoam\u00e9rica!\u201d.<\/p>\n\n\n\n<p>El pa\u00eds de Am\u00e9rica Central de Costa Rica lanz\u00f3 un festejo para M\u00e9xico y declar\u00f3 a ambas naciones como \u201chermanas\u201d.<\/p>\n\n\n\n<p>Mientras que, la presidenta de Honduras, Xiomara Castro de Zelaya, tambi\u00e9n extern\u00f3 sus felicitaciones a la representante de Morena.<\/p>\n\n\n\n<p>\u201cComo la primera mujer presidenta de Honduras, extiendo mis sinceras felicitaciones a la primera mujer Presidenta Electa de M\u00e9xico, Claudia Sheinbaum por haber logrado una contundente victoria electoral de la mano del pueblo de M\u00e9xico\u201d.<\/p>\n\n\n\n<p>Adem\u00e1s, otros medios internacionales como el New York Times, diario localizado en la ciudad de Nueva York, en Estados Unidos, coloca como ganadora a la aspirante de Morena con una amplia ventaja.<\/p>\n\n\n\n<p>(Informaci\u00f3n de Infobae M\u00e9xico)<\/p>\n","protected":false},"excerpt":{"rendered":"<p>Redacci\u00f3n\/Zona Roja Cdmx. Ciudad de M\u00e9xico, a 3 de junio de 2024.- Luego de los&hellip;<\/p>\n","protected":false},"author":2,"featured_media":69038,"comment_status":"closed","ping_status":"open","sticky":false,"template":"","format":"standard","meta":{"_lmt_disableupdate":"","_lmt_disable":"","_jetpack_memberships_contains_paid_content":false,"footnotes":""},"categories":[109,46],"tags":[3370],"class_list":["post-69037","post","type-post","status-publish","format-standard","has-post-thumbnail","hentry","category-minuto-a-minuto","category-zona-blanca","tag-claudia-sheinbaum"],"jetpack_featured_media_url":"https:\/\/zonaroja.com.mx\/wp-content\/uploads\/2024\/06\/Claudia-Sheinbaum.avif","jetpack_sharing_enabled":true,"_links":{"self":[{"href":"https:\/\/zonaroja.com.mx\/index.php?rest_route=\/wp\/v2\/posts\/69037","targetHints":{"allow":["GET"]}}],"collection":[{"href":"https:\/\/zonaroja.com.mx\/index.php?rest_route=\/wp\/v2\/posts"}],"about":[{"href":"https:\/\/zonaroja.com.mx\/index.php?rest_route=\/wp\/v2\/types\/post"}],"author":[{"embeddable":true,"href":"https:\/\/zonaroja.com.mx\/index.php?rest_route=\/wp\/v2\/users\/2"}],"replies":[{"embeddable":true,"href":"https:\/\/zonaroja.com.mx\/index.php?rest_route=%2Fwp%2Fv2%2Fcomments&post=69037"}],"version-history":[{"count":1,"href":"https:\/\/zonaroja.com.mx\/index.php?rest_route=\/wp\/v2\/posts\/69037\/revisions"}],"predecessor-version":[{"id":69039,"href":"https:\/\/zonaroja.com.mx\/index.php?rest_route=\/wp\/v2\/posts\/69037\/revisions\/69039"}],"wp:featuredmedia":[{"embeddable":true,"href":"https:\/\/zonaroja.com.mx\/index.php?rest_route=\/wp\/v2\/media\/69038"}],"wp:attachment":[{"href":"https:\/\/zonaroja.com.mx\/index.php?rest_route=%2Fwp%2Fv2%2Fmedia&parent=69037"}],"wp:term":[{"taxonomy":"category","embeddable":true,"href":"https:\/\/zonaroja.com.mx\/index.php?rest_route=%2Fwp%2Fv2%2Fcategories&post=69037"},{"taxonomy":"post_tag","embeddable":true,"href":"https:\/\/zonaroja.com.mx\/index.php?rest_route=%2Fwp%2Fv2%2Ftags&post=69037"}],"curies":[{"name":"wp","href":"https:\/\/api.w.org\/{rel}","templated":true}]}}