{"id":69041,"date":"2024-06-03T15:52:32","date_gmt":"2024-06-03T21:52:32","guid":{"rendered":"https:\/\/zonaroja.com.mx\/?p=69041"},"modified":"2024-06-03T21:52:09","modified_gmt":"2024-06-04T03:52:09","slug":"confirma-el-pvem-el-triunfo-rotundo-de-javier-barroso-en-zimatlan-de-alvarez","status":"publish","type":"post","link":"https:\/\/zonaroja.com.mx\/?p=69041","title":{"rendered":"Confirma el PVEM el triunfo rotundo de Javier Barroso en Zimatl\u00e1n de \u00c1lvarez"},"content":{"rendered":"\n<p>Redacci\u00f3n\/Zona Roja&nbsp;<\/p>\n\n\n\n<p>Oaxaca de Ju\u00e1rez, Oax., a 3 de junio de 2024.- El Partido Verde Ecologista de M\u00e9xico en Zimatl\u00e1n de \u00c1lvarez anunci\u00f3 hoy que las tendencias del voto en la elecci\u00f3n municipal &nbsp;confirman la victoria de su candidato, Javier C\u00e9sar Barroso S\u00e1nchez.<\/p>\n\n\n\n<p>El instituto pol\u00edtico expres\u00f3 su m\u00e1s sincero agradecimiento a la ciudadan\u00eda por depositar su confianza en su proyecto de desarrollo y bienestar.<\/p>\n\n\n\n<p>Este triunfo no ser\u00eda posible sin el apoyo y la participaci\u00f3n activa de todos los ciudadanos que creen en una Zimatl\u00e1n m\u00e1s pr\u00f3spera y justa, agreg\u00f3.<\/p>\n\n\n\n<p>\u00abGracias a cada uno de los habitantes de Zimatl\u00e1n por su voto de confianza. Este resultado es un claro reflejo de la voluntad popular de trabajar juntos por un futuro mejor para nuestra comunidad,\u00bb declar\u00f3 Javier C\u00e9sar Barroso S\u00e1nchez.<\/p>\n\n\n\n<p>A\u00f1adi\u00f3 que \u00abese triunfo no es solo m\u00edo, es de todos los que anhelan un cambio positivo y sostenible para Zimatl\u00e1n\u201d.&nbsp;<\/p>\n\n\n\n<p>Asimismo, el Partido Verde hizo un llamado a todos los adversarios en esta contienda electoral a aceptar la decisi\u00f3n de la mayor\u00eda y a unirse a este proyecto com\u00fan.<\/p>\n\n\n\n<p>@La grandeza de Zimatl\u00e1n se construye con la colaboraci\u00f3n de todos, sin distinciones partidistas. Ahora es el momento de dejar atr\u00e1s las diferencias y sumar esfuerzos para el bienestar de nuestra querida comunidad\u201d, subray\u00f3.<\/p>\n","protected":false},"excerpt":{"rendered":"<p>Redacci\u00f3n\/Zona Roja&nbsp; Oaxaca de Ju\u00e1rez, Oax., a 3 de junio de 2024.- El Partido Verde&hellip;<\/p>\n","protected":false},"author":2,"featured_media":69054,"comment_status":"closed","ping_status":"open","sticky":false,"template":"","format":"standard","meta":{"_lmt_disableupdate":"","_lmt_disable":"","_jetpack_memberships_contains_paid_content":false,"footnotes":""},"categories":[109,46],"tags":[],"class_list":["post-69041","post","type-post","status-publish","format-standard","has-post-thumbnail","hentry","category-minuto-a-minuto","category-zona-blanca"],"jetpack_featured_media_url":"https:\/\/zonaroja.com.mx\/wp-content\/uploads\/2024\/06\/Javier-Barroso-Sanchez.jpeg","jetpack_sharing_enabled":true,"_links":{"self":[{"href":"https:\/\/zonaroja.com.mx\/index.php?rest_route=\/wp\/v2\/posts\/69041","targetHints":{"allow":["GET"]}}],"collection":[{"href":"https:\/\/zonaroja.com.mx\/index.php?rest_route=\/wp\/v2\/posts"}],"about":[{"href":"https:\/\/zonaroja.com.mx\/index.php?rest_route=\/wp\/v2\/types\/post"}],"author":[{"embeddable":true,"href":"https:\/\/zonaroja.com.mx\/index.php?rest_route=\/wp\/v2\/users\/2"}],"replies":[{"embeddable":true,"href":"https:\/\/zonaroja.com.mx\/index.php?rest_route=%2Fwp%2Fv2%2Fcomments&post=69041"}],"version-history":[{"count":1,"href":"https:\/\/zonaroja.com.mx\/index.php?rest_route=\/wp\/v2\/posts\/69041\/revisions"}],"predecessor-version":[{"id":69042,"href":"https:\/\/zonaroja.com.mx\/index.php?rest_route=\/wp\/v2\/posts\/69041\/revisions\/69042"}],"wp:featuredmedia":[{"embeddable":true,"href":"https:\/\/zonaroja.com.mx\/index.php?rest_route=\/wp\/v2\/media\/69054"}],"wp:attachment":[{"href":"https:\/\/zonaroja.com.mx\/index.php?rest_route=%2Fwp%2Fv2%2Fmedia&parent=69041"}],"wp:term":[{"taxonomy":"category","embeddable":true,"href":"https:\/\/zonaroja.com.mx\/index.php?rest_route=%2Fwp%2Fv2%2Fcategories&post=69041"},{"taxonomy":"post_tag","embeddable":true,"href":"https:\/\/zonaroja.com.mx\/index.php?rest_route=%2Fwp%2Fv2%2Ftags&post=69041"}],"curies":[{"name":"wp","href":"https:\/\/api.w.org\/{rel}","templated":true}]}}