{"id":69046,"date":"2024-06-03T19:24:24","date_gmt":"2024-06-04T01:24:24","guid":{"rendered":"https:\/\/zonaroja.com.mx\/?p=69046"},"modified":"2024-06-03T19:24:26","modified_gmt":"2024-06-04T01:24:26","slug":"xochitl-galvez-impugnara-las-elecciones-somos-la-resistencia","status":"publish","type":"post","link":"https:\/\/zonaroja.com.mx\/?p=69046","title":{"rendered":"X\u00f3chitl G\u00e1lvez impugnar\u00e1 las elecciones: \u00abSomos la resistencia\u201d"},"content":{"rendered":"\n<p>Redacci\u00f3n\/Zona Roja Cdmx.<\/p>\n\n\n\n<p>Ciudad de M\u00e9xico, a 3 de junio de 2024.- X\u00f3chitl G\u00e1lvez anunci\u00f3 que presentar\u00e1 impugnaciones ante el Tribunal Electoral del Poder Judicial de la Federaci\u00f3n (TEPJF) en contra de la elecci\u00f3n presidencial, en la que virtualmente gan\u00f3 Claudia Sheinbaum.<\/p>\n\n\n\n<p>\u201cEsto no termina aqu\u00ed. S\u00ed presentaremos las impugnaciones que prueban esto que les digo y que todos sabemos. Y lo haremos porque no podemos permitir que tengamos otra elecci\u00f3n igual a esta\u201d, dijo.<\/p>\n\n\n\n<p>Desde sus redes sociales, la candidata presidencial por el PAN, PRI, PRD acus\u00f3 que la elecci\u00f3n en la que Morena obtuvo el triunfo fue una competencia \u201cdesigual\u201d, ya que el \u201caparato del Estado\u201d favoreci\u00f3 a Claudia Sheinbaum.<\/p>\n\n\n\n<p>\u201cTodos sab\u00edamos que nos enfrent\u00e1bamos a una competencia desigual contra todo el aparato del Estado dedicado a favorecer a su candidata\u201d, se\u00f1al\u00f3 en su cuenta de X.<\/p>\n\n\n\n<p>Destac\u00f3 que en estos comicios estuvo presente el crimen organizado y se asesin\u00f3 a aspirantes y candidatos a alg\u00fan cargo de elecci\u00f3n popular.<\/p>\n\n\n\n<p>\u201cHoy m\u00e1s que nunca debemos defender nuestra democracia y nuestra rep\u00fablica. Los contrapesos y la divisi\u00f3n de poderes siguen en riesgo. Este debe ser un gran momento de unidad para quienes creemos en la vida, la verdad y la libertad\u201d, enfatiz\u00f3.<\/p>\n\n\n\n<p>Record\u00f3 que desde ayer ella reconoci\u00f3 su derrota, porque es dem\u00f3crata y cree en las instituciones; adem\u00e1s, mencion\u00f3 que conf\u00eda en el Conteo R\u00e1pido del Instituto Nacional Elector (INE), el cual le da una ventaja de hasta 30 puntos porcentuales a Claudia Sheinbaum sobre ella.<\/p>\n\n\n\n<p>Sin embargo, dijo que los resultados causaron sorpresa y por ello se debe \u00abanalizar lo que sucedi\u00f3\u201d.<\/p>\n\n\n\n<p>X\u00f3chitl G\u00e1lvez llam\u00f3 a los ciudadanos que la apoyaron a seguir lucha, pues dijo que son \u201cla resistencia\u201d para defender a M\u00e9xico del autoritarismo.<\/p>\n\n\n\n<p>\u201cBuscar\u00e1n dividirnos y desalentarnos, pero no podemos darnos el lujo de claudicar. Sigamos nuestra lucha por ti, por tu familia y por M\u00e9xico. Somos la resistencia y debemos hacer lo que nos toca: defender M\u00e9xico del autoritarismo y el mal gobierno\u201d, poste\u00f3 en sus rede sociales.<\/p>\n\n\n\n<p>(Informaci\u00f3n de \u201cExpansi\u00f3n Pol\u00edtica\u201d)<\/p>\n","protected":false},"excerpt":{"rendered":"<p>Redacci\u00f3n\/Zona Roja Cdmx. Ciudad de M\u00e9xico, a 3 de junio de 2024.- X\u00f3chitl G\u00e1lvez anunci\u00f3&hellip;<\/p>\n","protected":false},"author":2,"featured_media":66444,"comment_status":"closed","ping_status":"open","sticky":false,"template":"","format":"standard","meta":{"_lmt_disableupdate":"","_lmt_disable":"","_jetpack_memberships_contains_paid_content":false,"footnotes":""},"categories":[109,46],"tags":[3601],"class_list":["post-69046","post","type-post","status-publish","format-standard","has-post-thumbnail","hentry","category-minuto-a-minuto","category-zona-blanca","tag-xochitl-galvez-ruiz"],"jetpack_featured_media_url":"https:\/\/zonaroja.com.mx\/wp-content\/uploads\/2024\/03\/Xochitl-Galvez.jpg","jetpack_sharing_enabled":true,"_links":{"self":[{"href":"https:\/\/zonaroja.com.mx\/index.php?rest_route=\/wp\/v2\/posts\/69046","targetHints":{"allow":["GET"]}}],"collection":[{"href":"https:\/\/zonaroja.com.mx\/index.php?rest_route=\/wp\/v2\/posts"}],"about":[{"href":"https:\/\/zonaroja.com.mx\/index.php?rest_route=\/wp\/v2\/types\/post"}],"author":[{"embeddable":true,"href":"https:\/\/zonaroja.com.mx\/index.php?rest_route=\/wp\/v2\/users\/2"}],"replies":[{"embeddable":true,"href":"https:\/\/zonaroja.com.mx\/index.php?rest_route=%2Fwp%2Fv2%2Fcomments&post=69046"}],"version-history":[{"count":1,"href":"https:\/\/zonaroja.com.mx\/index.php?rest_route=\/wp\/v2\/posts\/69046\/revisions"}],"predecessor-version":[{"id":69047,"href":"https:\/\/zonaroja.com.mx\/index.php?rest_route=\/wp\/v2\/posts\/69046\/revisions\/69047"}],"wp:featuredmedia":[{"embeddable":true,"href":"https:\/\/zonaroja.com.mx\/index.php?rest_route=\/wp\/v2\/media\/66444"}],"wp:attachment":[{"href":"https:\/\/zonaroja.com.mx\/index.php?rest_route=%2Fwp%2Fv2%2Fmedia&parent=69046"}],"wp:term":[{"taxonomy":"category","embeddable":true,"href":"https:\/\/zonaroja.com.mx\/index.php?rest_route=%2Fwp%2Fv2%2Fcategories&post=69046"},{"taxonomy":"post_tag","embeddable":true,"href":"https:\/\/zonaroja.com.mx\/index.php?rest_route=%2Fwp%2Fv2%2Ftags&post=69046"}],"curies":[{"name":"wp","href":"https:\/\/api.w.org\/{rel}","templated":true}]}}