{"id":69048,"date":"2024-06-03T20:44:03","date_gmt":"2024-06-04T02:44:03","guid":{"rendered":"https:\/\/zonaroja.com.mx\/?p=69048"},"modified":"2024-06-03T20:44:06","modified_gmt":"2024-06-04T02:44:06","slug":"asesinan-a-un-individuo-y-lesionan-a-balazos-a-una-mujer-en-juchitan","status":"publish","type":"post","link":"https:\/\/zonaroja.com.mx\/?p=69048","title":{"rendered":"Asesinan a un individuo y lesionan a balazos a una mujer en Juchit\u00e1n"},"content":{"rendered":"\n<p>Raymundo Morales\/Zona Roja.<\/p>\n\n\n\n<p>Oaxaca de Ju\u00e1rez, Oax., a 3 de junio de 2024.- En un ataque armado en Juchit\u00e1n de Zaragoza, un individuo fue asesinado y una mujer result\u00f3 lesionada, este lunes.<\/p>\n\n\n\n<p>La agresi\u00f3n contra los ocupantes de una camioneta marca Honda, tipo CRV, color negra, ocurri\u00f3 en una vialidad de la colonia 16 de Septiembre, en que sujetos armados interceptaron a los ocupantes.<\/p>\n\n\n\n<p>En la misma unidad de motor qued\u00f3 sin vida un individuo identificado como Jos\u00e9 N., mientras que la mujer de nombre Antonia M., fue trasladada a un hospital, gravemente herida.<\/p>\n\n\n\n<p>Pese a que fue cerca del mediod\u00eda, no hab\u00eda polic\u00edas municipales en la zona para interceptar o perseguir a los delincuentes; param\u00e9dicos arribaron a la zona pero a la v\u00edctima herida ya la hab\u00edan trasladado a un hospital en un veh\u00edculo particular.<\/p>\n\n\n\n<p>Personal de la Vicefiscal\u00eda Regional del Istmo inici\u00f3 las indagatorias correspondientes y hasta el momento no se han revelado los motivos del ataque armado.<\/p>\n","protected":false},"excerpt":{"rendered":"<p>Raymundo Morales\/Zona Roja. Oaxaca de Ju\u00e1rez, Oax., a 3 de junio de 2024.- En un&hellip;<\/p>\n","protected":false},"author":2,"featured_media":69049,"comment_status":"closed","ping_status":"open","sticky":false,"template":"","format":"standard","meta":{"_lmt_disableupdate":"","_lmt_disable":"","_jetpack_memberships_contains_paid_content":false,"footnotes":""},"categories":[109,51],"tags":[123],"class_list":["post-69048","post","type-post","status-publish","format-standard","has-post-thumbnail","hentry","category-minuto-a-minuto","category-zona-roja","tag-juchitan-de-zaragoza"],"jetpack_featured_media_url":"https:\/\/zonaroja.com.mx\/wp-content\/uploads\/2024\/06\/Ataque-armado-Juchitan-un-muerto-y-herida.jpg","jetpack_sharing_enabled":true,"_links":{"self":[{"href":"https:\/\/zonaroja.com.mx\/index.php?rest_route=\/wp\/v2\/posts\/69048","targetHints":{"allow":["GET"]}}],"collection":[{"href":"https:\/\/zonaroja.com.mx\/index.php?rest_route=\/wp\/v2\/posts"}],"about":[{"href":"https:\/\/zonaroja.com.mx\/index.php?rest_route=\/wp\/v2\/types\/post"}],"author":[{"embeddable":true,"href":"https:\/\/zonaroja.com.mx\/index.php?rest_route=\/wp\/v2\/users\/2"}],"replies":[{"embeddable":true,"href":"https:\/\/zonaroja.com.mx\/index.php?rest_route=%2Fwp%2Fv2%2Fcomments&post=69048"}],"version-history":[{"count":1,"href":"https:\/\/zonaroja.com.mx\/index.php?rest_route=\/wp\/v2\/posts\/69048\/revisions"}],"predecessor-version":[{"id":69050,"href":"https:\/\/zonaroja.com.mx\/index.php?rest_route=\/wp\/v2\/posts\/69048\/revisions\/69050"}],"wp:featuredmedia":[{"embeddable":true,"href":"https:\/\/zonaroja.com.mx\/index.php?rest_route=\/wp\/v2\/media\/69049"}],"wp:attachment":[{"href":"https:\/\/zonaroja.com.mx\/index.php?rest_route=%2Fwp%2Fv2%2Fmedia&parent=69048"}],"wp:term":[{"taxonomy":"category","embeddable":true,"href":"https:\/\/zonaroja.com.mx\/index.php?rest_route=%2Fwp%2Fv2%2Fcategories&post=69048"},{"taxonomy":"post_tag","embeddable":true,"href":"https:\/\/zonaroja.com.mx\/index.php?rest_route=%2Fwp%2Fv2%2Ftags&post=69048"}],"curies":[{"name":"wp","href":"https:\/\/api.w.org\/{rel}","templated":true}]}}