{"id":6906,"date":"2019-12-23T20:43:04","date_gmt":"2019-12-24T02:43:04","guid":{"rendered":"http:\/\/www.zonaroja.com.mx\/?p=6906"},"modified":"2019-12-23T20:43:08","modified_gmt":"2019-12-24T02:43:08","slug":"confirman-muerte-de-aei-en-intento-de-rescate-de-presunto-capo","status":"publish","type":"post","link":"https:\/\/zonaroja.com.mx\/?p=6906","title":{"rendered":"Confirman muerte de AEI, en intento de rescate de presunto capo"},"content":{"rendered":"\n<p>Redacci\u00f3n\/Zona\nRoja.<\/p>\n\n\n\n<p>Oaxaca de\nJu\u00e1rez, Oax., 23 de diciembre de 2019.- Rafael Alecio L. C., quien fuera\ncapit\u00e1n de la Polic\u00eda Federal y actual secretario particular del titular de la\nAgencia Estatal de Investigaciones (AEI), Jos\u00e9 Alfredo \u00c1lvarez G\u00f3mez, perdi\u00f3 la\nvida en el Hospital Regional de Alta Especialidad de Oaxaca, tras el ataque\narmado de hoy.<\/p>\n\n\n\n<p>As\u00ed lo\nconfirm\u00f3 la Fiscal\u00eda General del Estado de Oaxaca, que detall\u00f3 que otras tres\npersonas se encuentra lesionadas de bala. Otra de ellas elemento de la AEI que\nse encuentra grave de salud.<\/p>\n\n\n\n<p>En un\ncomunicado, indic\u00f3 que el enfrentamiento con probables delincuentes que\npretend\u00edan rescatar a un miembro del crimen organizado que fue trasladado a\nTamaulipas al ser acusado de homicidio, ocurri\u00f3 alrededor de las 15:15 horas,\nen jurisdicci\u00f3n de la agencia Vicente Guerrero, del municipio de la Villa de\nZaachila.<\/p>\n\n\n\n<p>Como\nresultado de este atentado, confirm\u00f3 el fallecimiento de Rafael Alecio L. C., asimismo,\nde manera preliminar se reportan tres personas heridas identificadas como C. A.\nA., J. C. R., y el Polic\u00eda Ministerial A. T. G., elemento de la Procuradur\u00eda\nGeneral de Justicia del Estado de Tamaulipas, adem\u00e1s de una persona m\u00e1s del\nsexo femenino identificada como T. C. H. L., quienes reciben atenci\u00f3n medida\nespecializada.<\/p>\n\n\n\n<p>De acuerdo con la carpeta de investigaci\u00f3n 44317\/FVCE\/ZAACHILA\/2019, integrantes de una probable c\u00e9lula criminal atacaron el convoy que transportaba a J. B. B. M, alias \u201cLa Bestia\u201d, \u201cLa Vaca\u201d o \u201cEl Animal\u201d, quien ser\u00eda trasladado al estado de Tamaulipas, en cumplimiento a la orden de aprehensi\u00f3n girada en su contra por el Juzgado de Primera Instancia Penal con sede en Nuevo Laredo, Tamaulipas, por los delitos de homicidio calificado y delitos cometidos contra servidores p\u00fablicos.<\/p>\n\n\n\n<figure class=\"wp-block-image\"><img decoding=\"async\" width=\"1024\" height=\"768\" src=\"http:\/\/www.zonaroja.com.mx\/wp-content\/uploads\/2019\/12\/3edc5753-80cc-40ea-8ac0-cb898ff70277-1024x768.jpg\" alt=\"\" class=\"wp-image-6907\" srcset=\"https:\/\/zonaroja.com.mx\/wp-content\/uploads\/2019\/12\/3edc5753-80cc-40ea-8ac0-cb898ff70277-1024x768.jpg 1024w, https:\/\/zonaroja.com.mx\/wp-content\/uploads\/2019\/12\/3edc5753-80cc-40ea-8ac0-cb898ff70277-300x225.jpg 300w, https:\/\/zonaroja.com.mx\/wp-content\/uploads\/2019\/12\/3edc5753-80cc-40ea-8ac0-cb898ff70277-768x576.jpg 768w, https:\/\/zonaroja.com.mx\/wp-content\/uploads\/2019\/12\/3edc5753-80cc-40ea-8ac0-cb898ff70277-1170x878.jpg 1170w, https:\/\/zonaroja.com.mx\/wp-content\/uploads\/2019\/12\/3edc5753-80cc-40ea-8ac0-cb898ff70277-585x439.jpg 585w, https:\/\/zonaroja.com.mx\/wp-content\/uploads\/2019\/12\/3edc5753-80cc-40ea-8ac0-cb898ff70277.jpg 1280w\" sizes=\"(max-width: 1024px) 100vw, 1024px\" \/><\/figure>\n\n\n\n<p>Sin\nembargo, al apoyar el traslado que efectuaban los polic\u00edas de investigaci\u00f3n del\nestado de Tamaulipas, se suscit\u00f3 el ataque.<\/p>\n\n\n\n<p>\u201cLa\nBestia\u201d se encontraba recluido en el penal de Mengol\u00ed de Morelos, Miahuatl\u00e1n de\nPorfirio D\u00edaz, al ser detenido en mayo el 2013 y liberado la noche del domingo,\ncuando se le ejecut\u00f3 la orden de aprehensi\u00f3n por homicidio y otros delitos.<\/p>\n\n\n\n<p>Fue el\njueves 23 de mayo del 2013, cuando fue detenido en el estado de Colima y fue\nidentificado como el responsable del trasiego de droga que llegaba a trav\u00e9s de\nlos puertos de Manzanillo y L\u00e1zaro C\u00e1rdenas<\/p>\n\n\n\n<p>En el\narresto hubo un enfrentamiento a balazos y granadas entre militares y elementos\nde seguridad p\u00fablica contra un grupo de delincuentes, en la poblaci\u00f3n de\nComala, Colima.<\/p>\n\n\n\n<p>En el\nlugar fue desactivada una c\u00e9lula criminal del \u201cC\u00e1rtel de Ju\u00e1rez\u201d, encargada de\nlos embarques de droga que llegaban a trav\u00e9s del puerto de Manzanillo y del\nPuerto de L\u00e1zaro C\u00e1rdenas, Michoac\u00e1n, difundieron medios nacionales.<\/p>\n\n\n\n<p>En el\noperativo, donde resultaron dos delincuentes muertos, tres elementos de\nseguridad heridos y una casa de seguridad incendiada, fueron detenidos cuatro\npresuntos integrantes de dicha c\u00e9lula criminal, los cuales fueron\naerotransportados a la ciudad de M\u00e9xico y puestos a disposici\u00f3n de la SEIDO, seg\u00fan\nconfirm\u00f3 la Procuradur\u00eda General de la Rep\u00fablica (PGR).<\/p>\n\n\n\n<p>Se\ninform\u00f3 que entre los detenidos se encontraba Jos\u00e9 Bernab\u00e9 B. M., alias \u201cLa\nVaca\u201d, quien tiene varias \u00f3rdenes de aprehensi\u00f3n en Colima y era uno de los\npersonajes m\u00e1s buscado por la PGR, seg\u00fan se destaca en su ficha t\u00e9cnica\ndifundida por esa dependencia federal.<\/p>\n\n\n\n<p>Jos\u00e9\nBernab\u00e9, era se\u00f1alado como uno de los principales pistoleros de Rub\u00e9n Oseguera,\n\u201cEl Menchito\u201d, quien ahora trabaja para el C\u00e1rtel de Jalisco Nueva Generaci\u00f3n,\nindica informes policiacos.<\/p>\n","protected":false},"excerpt":{"rendered":"<p>Redacci\u00f3n\/Zona Roja. Oaxaca de Ju\u00e1rez, Oax., 23 de diciembre de 2019.- Rafael Alecio L. C.,&hellip;<\/p>\n","protected":false},"author":2,"featured_media":6908,"comment_status":"closed","ping_status":"open","sticky":false,"template":"","format":"standard","meta":{"_lmt_disableupdate":"","_lmt_disable":"","_jetpack_memberships_contains_paid_content":false,"footnotes":""},"categories":[109,51],"tags":[],"class_list":["post-6906","post","type-post","status-publish","format-standard","has-post-thumbnail","hentry","category-minuto-a-minuto","category-zona-roja"],"jetpack_featured_media_url":"https:\/\/zonaroja.com.mx\/wp-content\/uploads\/2019\/12\/Ataque-La-Y.jpg","jetpack_sharing_enabled":true,"_links":{"self":[{"href":"https:\/\/zonaroja.com.mx\/index.php?rest_route=\/wp\/v2\/posts\/6906","targetHints":{"allow":["GET"]}}],"collection":[{"href":"https:\/\/zonaroja.com.mx\/index.php?rest_route=\/wp\/v2\/posts"}],"about":[{"href":"https:\/\/zonaroja.com.mx\/index.php?rest_route=\/wp\/v2\/types\/post"}],"author":[{"embeddable":true,"href":"https:\/\/zonaroja.com.mx\/index.php?rest_route=\/wp\/v2\/users\/2"}],"replies":[{"embeddable":true,"href":"https:\/\/zonaroja.com.mx\/index.php?rest_route=%2Fwp%2Fv2%2Fcomments&post=6906"}],"version-history":[{"count":1,"href":"https:\/\/zonaroja.com.mx\/index.php?rest_route=\/wp\/v2\/posts\/6906\/revisions"}],"predecessor-version":[{"id":6909,"href":"https:\/\/zonaroja.com.mx\/index.php?rest_route=\/wp\/v2\/posts\/6906\/revisions\/6909"}],"wp:featuredmedia":[{"embeddable":true,"href":"https:\/\/zonaroja.com.mx\/index.php?rest_route=\/wp\/v2\/media\/6908"}],"wp:attachment":[{"href":"https:\/\/zonaroja.com.mx\/index.php?rest_route=%2Fwp%2Fv2%2Fmedia&parent=6906"}],"wp:term":[{"taxonomy":"category","embeddable":true,"href":"https:\/\/zonaroja.com.mx\/index.php?rest_route=%2Fwp%2Fv2%2Fcategories&post=6906"},{"taxonomy":"post_tag","embeddable":true,"href":"https:\/\/zonaroja.com.mx\/index.php?rest_route=%2Fwp%2Fv2%2Ftags&post=6906"}],"curies":[{"name":"wp","href":"https:\/\/api.w.org\/{rel}","templated":true}]}}