{"id":69070,"date":"2024-06-04T10:30:00","date_gmt":"2024-06-04T16:30:00","guid":{"rendered":"https:\/\/zonaroja.com.mx\/?p=69070"},"modified":"2024-06-04T08:11:19","modified_gmt":"2024-06-04T14:11:19","slug":"respaldan-diversas-ong-cancelacion-de-mina-en-capulalpam","status":"publish","type":"post","link":"https:\/\/zonaroja.com.mx\/?p=69070","title":{"rendered":"Respaldan diversas ONG cancelaci\u00f3n de mina en Capul\u00e1lpam"},"content":{"rendered":"\n<p>Ismael Garc\u00eda M.\/Zona Roja.<\/p>\n\n\n\n<p>Oaxaca de Ju\u00e1rez, Oax., a 4 de junio de 2024.- Al menos 35 organismos de la sociedad civil manifestaron su respaldo al municipio de Capul\u00e1lpam de M\u00e9ndez, para la cancelaci\u00f3n de operaciones de la minera canadiense \u201cLa Natividad\u201d.<\/p>\n\n\n\n<p>Desde el pasado s\u00e1bado inici\u00f3 la movilizaci\u00f3n por parte de los habitantes de dicho municipio de la regi\u00f3n Sierra Juarez, perteneciente al distrito de Ixtl\u00e1n, al interceptar un cami\u00f3n con 20 toneladas de material procesado de la compa\u00f1\u00eda Continnum Resources LTD.<\/p>\n\n\n\n<p>Tras ello, demandaron la intervenci\u00f3n del gobierno de Oaxaca y demandaron a la Procuradur\u00eda Federal de Protecci\u00f3n al Medio Ambiente (Profepa) y la Secretar\u00eda de Medio Ambiente y Recursos Naturales (Semarnat) el cierre de dicha mina, en La Natividad.<\/p>\n\n\n\n<p>Y es que ante la cerraz\u00f3n y desinter\u00e9s por parte de los gobiernos estatal y federal, los pobladores bloquearon de Capul\u00e1lpam la tarde de ayer la carretera Oaxaca-Tuxtepec, en inmediaciones del puente de fierro.<\/p>\n\n\n\n<p>\u201cLa empresa minera Natividad, no cuenta con el consentimiento del pueblo zapoteco de Capul\u00e1lpam de M\u00e9ndez, por el contrario, la comunidad decidi\u00f3 ampararse ante los tribunales para exigir que sus derechos a la libre determinaci\u00f3n y al territorio sean respetados y garantizados por el gobierno federal y estatal, sin embargo hasta el momento ninguna autoridad ha querido responsabilizarse por los da\u00f1os ambientales producidos por la actividad minera en la regi\u00f3n.<\/p>\n\n\n\n<p>\u201cTenemos conocimiento de que la poblaci\u00f3n de Capul\u00e1lpam se encuentra en alerta y ha bloqueado el camino a la Sierra Ju\u00e1rez, en dicho bloqueo impidi\u00f3 la instalaci\u00f3n de casillas electorales, por lo que el conflicto ha escalado, sin embargo las autoridades estatales y federales no han tenido disposici\u00f3n para el di\u00e1logo y el respeto de los derechos territoriales de Capul\u00e1lpam de M\u00e9ndez\u201d, expusieron las organizaciones sociales.<\/p>\n\n\n\n<p>Esta ma\u00f1ana una representaci\u00f3n de dicho municipio dio una conferencia de prensa para insistir en la cancelaci\u00f3n de la concesi\u00f3n de dicha mina.<\/p>\n","protected":false},"excerpt":{"rendered":"<p>Ismael Garc\u00eda M.\/Zona Roja. Oaxaca de Ju\u00e1rez, Oax., a 4 de junio de 2024.- Al&hellip;<\/p>\n","protected":false},"author":2,"featured_media":69071,"comment_status":"closed","ping_status":"open","sticky":false,"template":"","format":"standard","meta":{"_lmt_disableupdate":"","_lmt_disable":"","_jetpack_memberships_contains_paid_content":false,"footnotes":""},"categories":[109,46],"tags":[1358],"class_list":["post-69070","post","type-post","status-publish","format-standard","has-post-thumbnail","hentry","category-minuto-a-minuto","category-zona-blanca","tag-capulalpam-de-mendez"],"jetpack_featured_media_url":"https:\/\/zonaroja.com.mx\/wp-content\/uploads\/2024\/06\/Minera-La-Natividad-Capulalpam.jpeg","jetpack_sharing_enabled":true,"_links":{"self":[{"href":"https:\/\/zonaroja.com.mx\/index.php?rest_route=\/wp\/v2\/posts\/69070","targetHints":{"allow":["GET"]}}],"collection":[{"href":"https:\/\/zonaroja.com.mx\/index.php?rest_route=\/wp\/v2\/posts"}],"about":[{"href":"https:\/\/zonaroja.com.mx\/index.php?rest_route=\/wp\/v2\/types\/post"}],"author":[{"embeddable":true,"href":"https:\/\/zonaroja.com.mx\/index.php?rest_route=\/wp\/v2\/users\/2"}],"replies":[{"embeddable":true,"href":"https:\/\/zonaroja.com.mx\/index.php?rest_route=%2Fwp%2Fv2%2Fcomments&post=69070"}],"version-history":[{"count":1,"href":"https:\/\/zonaroja.com.mx\/index.php?rest_route=\/wp\/v2\/posts\/69070\/revisions"}],"predecessor-version":[{"id":69072,"href":"https:\/\/zonaroja.com.mx\/index.php?rest_route=\/wp\/v2\/posts\/69070\/revisions\/69072"}],"wp:featuredmedia":[{"embeddable":true,"href":"https:\/\/zonaroja.com.mx\/index.php?rest_route=\/wp\/v2\/media\/69071"}],"wp:attachment":[{"href":"https:\/\/zonaroja.com.mx\/index.php?rest_route=%2Fwp%2Fv2%2Fmedia&parent=69070"}],"wp:term":[{"taxonomy":"category","embeddable":true,"href":"https:\/\/zonaroja.com.mx\/index.php?rest_route=%2Fwp%2Fv2%2Fcategories&post=69070"},{"taxonomy":"post_tag","embeddable":true,"href":"https:\/\/zonaroja.com.mx\/index.php?rest_route=%2Fwp%2Fv2%2Ftags&post=69070"}],"curies":[{"name":"wp","href":"https:\/\/api.w.org\/{rel}","templated":true}]}}