{"id":69073,"date":"2024-06-04T13:11:00","date_gmt":"2024-06-04T19:11:00","guid":{"rendered":"https:\/\/zonaroja.com.mx\/?p=69073"},"modified":"2024-06-04T08:13:23","modified_gmt":"2024-06-04T14:13:23","slug":"vinculan-a-proceso-a-sujeto-que-violo-a-un-adolescente-con-discapacidad","status":"publish","type":"post","link":"https:\/\/zonaroja.com.mx\/?p=69073","title":{"rendered":"Vinculan a proceso a sujeto que viol\u00f3 a un adolescente con discapacidad"},"content":{"rendered":"\n<p>Redacci\u00f3n\/Zona Roja.<\/p>\n\n\n\n<p>Oaxaca de Ju\u00e1rez, Oax., a 4 de junio de 2024.- La Fiscal\u00eda General del Estado de Oaxaca (FGEO) obtuvo auto de vinculaci\u00f3n a proceso contra la persona del sexo masculino identificada como L.P.G., por el delito de violaci\u00f3n equiparada en agravio de una adolescente (persona con discapacidad intelectual), cometido en jurisdicci\u00f3n de San Juan Colorado.<br>De acuerdo con lo asentado en el expediente penal, los hechos sucedieron entre el 14 y 28 de abril de 2021, en un domicilio particular ubicado en el Barrio Chico, en el municipio de San Juan Colorado, sitio en donde la v\u00edctima, quien en ese momento contaba con 16 a\u00f1os de edad, sufri\u00f3 una agresi\u00f3n sexual.<\/p>\n\n\n\n<p>Cuando la FGEO tom\u00f3 conocimiento del caso, inici\u00f3 las investigaciones correspondientes a trav\u00e9s de la Fiscal\u00eda Especializada Para la Atenci\u00f3n de Delitos Contra la Mujer por Raz\u00f3n de G\u00e9nero, gracias a las cuales se logr\u00f3 ejecutar una orden de aprehensi\u00f3n en contra de L.P.G., quedando a disposici\u00f3n de la autoridad que conoce la causa.<\/p>\n\n\n\n<p>En audiencia y tras validar los datos de prueba proporcionados por la Fiscal\u00eda de Oaxaca, el Juez en turno determin\u00f3 vincular a proceso a L.P.G., por el delito de violaci\u00f3n equiparada, adem\u00e1s que se impuso prisi\u00f3n preventiva y se otorgaron tres meses para el cierre de la investigaci\u00f3n.<\/p>\n\n\n\n<p>UN DETENIDO<\/p>\n\n\n\n<p>En otro caso, la Fiscal\u00eda General ejecut\u00f3 una orden de aprehensi\u00f3n contra una persona del sexo masculino identificada como J.A.C., por el delito de Homicidio Calificado cometido en agravio de M.A.F.V., hechos ocurridos en San Juan Guichicovi, municipio del Istmo de Tehuantepec.<\/p>\n\n\n\n<p>De acuerdo con el expediente penal del caso, los hechos ocurrieron el 08 de abril de 2024 en un domicilio del Barrio Deportivo de la agencia municipal de Estaci\u00f3n Sarabia perteneciente a San Juan Guichicovi, lugar donde fue atacado con un arma corto-contundente (machete), caus\u00e1ndole lesiones que le provocaron la muerte.<\/p>\n\n\n\n<p>Ante estos hechos, la Fiscal\u00eda de Oaxaca inici\u00f3 las investigaciones a trav\u00e9s de la Vicefiscal\u00eda Regional del Istmo, que dieron como resultado la detenci\u00f3n de J.A.C., quien fue puesto a disposici\u00f3n de la autoridad ministerial correspondiente para determinar su situaci\u00f3n jur\u00eddica.<\/p>\n","protected":false},"excerpt":{"rendered":"<p>Redacci\u00f3n\/Zona Roja. Oaxaca de Ju\u00e1rez, Oax., a 4 de junio de 2024.- La Fiscal\u00eda General&hellip;<\/p>\n","protected":false},"author":2,"featured_media":68351,"comment_status":"closed","ping_status":"open","sticky":false,"template":"","format":"standard","meta":{"_lmt_disableupdate":"","_lmt_disable":"","_jetpack_memberships_contains_paid_content":false,"footnotes":""},"categories":[109,46],"tags":[494],"class_list":["post-69073","post","type-post","status-publish","format-standard","has-post-thumbnail","hentry","category-minuto-a-minuto","category-zona-blanca","tag-fiscalia-general-del-estado-de-oaxaca"],"jetpack_featured_media_url":"https:\/\/zonaroja.com.mx\/wp-content\/uploads\/2024\/05\/Detenido-aprehendido-detencion-aprehension.jpg","jetpack_sharing_enabled":true,"_links":{"self":[{"href":"https:\/\/zonaroja.com.mx\/index.php?rest_route=\/wp\/v2\/posts\/69073","targetHints":{"allow":["GET"]}}],"collection":[{"href":"https:\/\/zonaroja.com.mx\/index.php?rest_route=\/wp\/v2\/posts"}],"about":[{"href":"https:\/\/zonaroja.com.mx\/index.php?rest_route=\/wp\/v2\/types\/post"}],"author":[{"embeddable":true,"href":"https:\/\/zonaroja.com.mx\/index.php?rest_route=\/wp\/v2\/users\/2"}],"replies":[{"embeddable":true,"href":"https:\/\/zonaroja.com.mx\/index.php?rest_route=%2Fwp%2Fv2%2Fcomments&post=69073"}],"version-history":[{"count":1,"href":"https:\/\/zonaroja.com.mx\/index.php?rest_route=\/wp\/v2\/posts\/69073\/revisions"}],"predecessor-version":[{"id":69074,"href":"https:\/\/zonaroja.com.mx\/index.php?rest_route=\/wp\/v2\/posts\/69073\/revisions\/69074"}],"wp:featuredmedia":[{"embeddable":true,"href":"https:\/\/zonaroja.com.mx\/index.php?rest_route=\/wp\/v2\/media\/68351"}],"wp:attachment":[{"href":"https:\/\/zonaroja.com.mx\/index.php?rest_route=%2Fwp%2Fv2%2Fmedia&parent=69073"}],"wp:term":[{"taxonomy":"category","embeddable":true,"href":"https:\/\/zonaroja.com.mx\/index.php?rest_route=%2Fwp%2Fv2%2Fcategories&post=69073"},{"taxonomy":"post_tag","embeddable":true,"href":"https:\/\/zonaroja.com.mx\/index.php?rest_route=%2Fwp%2Fv2%2Ftags&post=69073"}],"curies":[{"name":"wp","href":"https:\/\/api.w.org\/{rel}","templated":true}]}}