{"id":69075,"date":"2024-06-04T18:23:17","date_gmt":"2024-06-05T00:23:17","guid":{"rendered":"https:\/\/zonaroja.com.mx\/?p=69075"},"modified":"2024-06-04T18:23:19","modified_gmt":"2024-06-05T00:23:19","slug":"servicio-nacional-de-empleo-en-oaxaca-logra-primer-lugar-en-evaluacion-del-desempeno","status":"publish","type":"post","link":"https:\/\/zonaroja.com.mx\/?p=69075","title":{"rendered":"Servicio Nacional de Empleo en Oaxaca logra primer lugar en evaluaci\u00f3n del desempe\u00f1o"},"content":{"rendered":"\n<p>Redacci\u00f3n\/Zona Roja.&nbsp;<\/p>\n\n\n\n<p>Oaxaca de Ju\u00e1rez,&nbsp;Oax., a 4 de junio de 2024.&nbsp;Como cada a\u00f1o, la Secretar\u00eda del Trabajo y Previsi\u00f3n Social del Gobierno Federal,&nbsp;a trav\u00e9s del&nbsp;Servicio Nacional de Empleo por medio de su&nbsp;Sistema de Evaluaci\u00f3n,&nbsp;dio menci\u00f3n&nbsp;a las 10 oficinas estatales con mejor desempe\u00f1o,&nbsp;reconociendo&nbsp;al estado de Oaxaca&nbsp;como primer lugar por su alta eficacia.<\/p>\n\n\n\n<p>El Galard\u00f3n fue&nbsp;otorgado&nbsp;por&nbsp;Marath&nbsp;Baruch Bola\u00f1os L\u00f3pez,&nbsp;secretario del Trabajo y Previsi\u00f3n Social; por la subsecretaria&nbsp;Quiahuitl&nbsp;Ch\u00e1vez Dom\u00ednguez, as\u00ed como por el Jefe de la Unidad del Servicio Nacional de Empleo, Donaciano Dom\u00ednguez Espinoza, al titular de la Coordinaci\u00f3n del Servicio Nacional de Empleo Oaxaca, \u00d3rgano Desconcentrado de la Secretar\u00eda de Desarrollo Econ\u00f3mico, Genaro&nbsp;Hern\u00e1ndez Jim\u00e9nez.<\/p>\n\n\n\n<p>Durante el primer a\u00f1o de gesti\u00f3n del gobernador Salom\u00f3n Jara Cruz, se ha obtenido este importante logro en materia de empleo, al contribuir&nbsp;con&nbsp;la creaci\u00f3n de un mercado laboral con estabilidad y paz, por medio de la protecci\u00f3n de los derechos de los trabajadores, as\u00ed como de salarios justos y prestaciones.&nbsp;<\/p>\n\n\n\n<p>\u201cSe han redoblado esfuerzos, sabedores de que las y los oaxaque\u00f1os requieren de autoridades comprometidas con las necesidades m\u00e1s b\u00e1sicas, como un empleo formal que sirva para proveer a sus familias\u201d, indic\u00f3 Genaro Hern\u00e1ndez; quien tambi\u00e9n&nbsp;mencion\u00f3&nbsp;que en el a\u00f1o 2022 se obtuvo el quinto lugar&nbsp;y desde el 2009 Oaxaca no obten\u00eda un logro similar, \u201clo cual nos dejaba con la responsabilidad de obtener mejores resultados\u201d.<\/p>\n\n\n\n<p>Cabe destacar que la evaluaci\u00f3n se realiz\u00f3 comparando los logros del a\u00f1o 2023 con el inmediato anterior, y que contempla aspectos como la administraci\u00f3n de recursos, transparencia, contralor\u00eda social, eficiencia y eficacia; as\u00ed como el cumplimiento de metas&nbsp;y objetivos.<\/p>\n\n\n\n<p>Asimismo, durante la reuni\u00f3n convocada por la instancia del Gobierno Federal, se expuso que, a trav\u00e9s de 30 indicadores de desempe\u00f1o evaluados de enero a diciembre de 2023,&nbsp;resaltaron&nbsp;los avances en materia de movilidad laboral, principalmente en la creaci\u00f3n de alianzas estrat\u00e9gicas que ayuden a sensibilizar a las empresas en la contrataci\u00f3n de personas en situaci\u00f3n de movilidad, as\u00ed como en el registro y promoci\u00f3n de vacantes por medios electr\u00f3nicos que faciliten el acceso.<\/p>\n\n\n\n<p>Tambi\u00e9n se extendi\u00f3 un reconocimiento a las personas que trabajan en las SNE de los 32 estados, que en su mayor\u00eda tienen m\u00e1s de 18 a\u00f1os laborando en estas instituciones, lo que es muestra del compromiso por el servicio y la profesionalizaci\u00f3n del personal que diariamente ayuda a las personas en b\u00fasqueda de empleo.&nbsp;<\/p>\n\n\n\n<p>Este logro cobra m\u00e1s relevancia si se considera que, en marzo de 2024 M\u00e9xico logr\u00f3 una tasa de desempleo del 2.3%, de acuerdo con el INEGI, siendo el pa\u00eds con menor porcentaje de personas sin empleo en el mundo.<\/p>\n\n\n\n<p>Sin embargo, se reconoce que los esfuerzos deben ser redoblados para atender el severo problema de informalidad laboral que Oaxaca enfrenta, por lo que el titular Genaro Hern\u00e1ndez resalt\u00f3 la importancia de crear pol\u00edticas p\u00fablicas&nbsp;que atiendan e impulsen la formalidad laboral para el bienestar de todas las y los oaxaque\u00f1os.&nbsp;<\/p>\n\n\n\n<p>EMPLEOS ADECUADOS<\/p>\n\n\n\n<p>En el marco de este logro de la administraci\u00f3n estatal, el se\u00f1or Jorge Hern\u00e1ndez Garc\u00eda, beneficiado por los servicios que brinda el SNE Oaxaca, expuso&nbsp;mediante&nbsp;entrevista su experiencia al buscar&nbsp;empleo, ya que es una persona de 53 a\u00f1os, que no contaba con un empleo formal, y requer\u00eda laborar con un horario que le permitiera atender a su familia, pues es responsable de cuidar a su padre.<\/p>\n\n\n\n<p>\u201cMe acerqu\u00e9 a ustedes porque es la forma m\u00e1s r\u00e1pida y eficaz de encontrar un empleo, adecuado a las circunstancias y necesidades de cada persona\u201d &#8211; afirm\u00f3 el entrevistado &#8211; \u201cporque para andarle buscando aqu\u00ed&nbsp;paall\u00e1, es m\u00e1s dif\u00edcil, en cambio con ustedes es m\u00e1s f\u00e1cil porque concentran los empleos de muchas empresas\u201d.<\/p>\n\n\n\n<p>El Servicio Nacional de Empleo Oaxaca cuenta con diversos canales de atenci\u00f3n para no dejar a nadie atr\u00e1s y no dejar a nadie fuera:&nbsp;<\/p>\n\n\n\n<p>De manera presencial en sus oficinas centrales y en cinco oficinas regionales ubicadas en Valles Centrales, Istmo, Mixteca, Costa, Papaloapan.<\/p>\n\n\n\n<p>A distancia,&nbsp;cuenta con l\u00edneas telef\u00f3nicas, correo electr\u00f3nico y WhatsApp para recibir solicitudes de empleo y curr\u00edculos.<\/p>\n\n\n\n<p>Tambi\u00e9n disponen de herramientas virtuales, como el portal del empleo, el peri\u00f3dico del empleo y sus cuentas en redes sociales para difundir las vacantes laborales.<\/p>\n\n\n\n<p>Si desea conocer m\u00e1s acerca de los servicios del SNE Oaxaca, visite su portal en internet en&nbsp;www.oaxaca.gob.mx\/csneo\/&nbsp;o comun\u00edquese al tel\u00e9fono 951-501-5000 ext. 12911&nbsp;\u00f3&nbsp;12628.<\/p>\n\n\n\n<p>NUMERALIA<\/p>\n\n\n\n<p>El SNE Oaxaca en 2023 obtuvo:<\/p>\n\n\n\n<p>\u2022&nbsp;62% m\u00e1s de atenciones en el Programa de Apoyo al Empleo<\/p>\n\n\n\n<p>\u2022&nbsp;34% m\u00e1s colocaciones de personas en un empleo formal<\/p>\n\n\n\n<p>\u2022&nbsp;42% m\u00e1s atenciones y colocaciones por medio de los servicios de Movilidad Laboral Interna<\/p>\n\n\n\n<p>\u2022&nbsp;23% m\u00e1s atenciones para personas que buscan empleo en el extranjero, principalmente en Estados Unidos, Canad\u00e1 y Alemania<\/p>\n\n\n\n<p>\u2022&nbsp;10% m\u00e1s de colocaciones en empleos formales en el extranjero<\/p>\n","protected":false},"excerpt":{"rendered":"<p>Redacci\u00f3n\/Zona Roja.&nbsp; Oaxaca de Ju\u00e1rez,&nbsp;Oax., a 4 de junio de 2024.&nbsp;Como cada a\u00f1o, la Secretar\u00eda&hellip;<\/p>\n","protected":false},"author":2,"featured_media":69076,"comment_status":"closed","ping_status":"open","sticky":false,"template":"","format":"standard","meta":{"_lmt_disableupdate":"","_lmt_disable":"","_jetpack_memberships_contains_paid_content":false,"footnotes":""},"categories":[109,46],"tags":[],"class_list":["post-69075","post","type-post","status-publish","format-standard","has-post-thumbnail","hentry","category-minuto-a-minuto","category-zona-blanca"],"jetpack_featured_media_url":"https:\/\/zonaroja.com.mx\/wp-content\/uploads\/2024\/06\/Servicio-Nacional-de-Empleo.jpg","jetpack_sharing_enabled":true,"_links":{"self":[{"href":"https:\/\/zonaroja.com.mx\/index.php?rest_route=\/wp\/v2\/posts\/69075","targetHints":{"allow":["GET"]}}],"collection":[{"href":"https:\/\/zonaroja.com.mx\/index.php?rest_route=\/wp\/v2\/posts"}],"about":[{"href":"https:\/\/zonaroja.com.mx\/index.php?rest_route=\/wp\/v2\/types\/post"}],"author":[{"embeddable":true,"href":"https:\/\/zonaroja.com.mx\/index.php?rest_route=\/wp\/v2\/users\/2"}],"replies":[{"embeddable":true,"href":"https:\/\/zonaroja.com.mx\/index.php?rest_route=%2Fwp%2Fv2%2Fcomments&post=69075"}],"version-history":[{"count":1,"href":"https:\/\/zonaroja.com.mx\/index.php?rest_route=\/wp\/v2\/posts\/69075\/revisions"}],"predecessor-version":[{"id":69077,"href":"https:\/\/zonaroja.com.mx\/index.php?rest_route=\/wp\/v2\/posts\/69075\/revisions\/69077"}],"wp:featuredmedia":[{"embeddable":true,"href":"https:\/\/zonaroja.com.mx\/index.php?rest_route=\/wp\/v2\/media\/69076"}],"wp:attachment":[{"href":"https:\/\/zonaroja.com.mx\/index.php?rest_route=%2Fwp%2Fv2%2Fmedia&parent=69075"}],"wp:term":[{"taxonomy":"category","embeddable":true,"href":"https:\/\/zonaroja.com.mx\/index.php?rest_route=%2Fwp%2Fv2%2Fcategories&post=69075"},{"taxonomy":"post_tag","embeddable":true,"href":"https:\/\/zonaroja.com.mx\/index.php?rest_route=%2Fwp%2Fv2%2Ftags&post=69075"}],"curies":[{"name":"wp","href":"https:\/\/api.w.org\/{rel}","templated":true}]}}