{"id":69078,"date":"2024-06-04T20:05:26","date_gmt":"2024-06-05T02:05:26","guid":{"rendered":"https:\/\/zonaroja.com.mx\/?p=69078"},"modified":"2024-06-04T20:05:28","modified_gmt":"2024-06-05T02:05:28","slug":"vayanse-cabrones-aca-no-los-queremos-a-fregar-a-otra-parte","status":"publish","type":"post","link":"https:\/\/zonaroja.com.mx\/?p=69078","title":{"rendered":"\u00a1V\u00e1yanse cabrones! \u00a1Ac\u00e1 no los queremos! \u00a1A fregar a otra parte!"},"content":{"rendered":"\n<p>Ismael Garc\u00eda M.\/Zona Roja.<\/p>\n\n\n\n<p>Oaxaca de Ju\u00e1rez, Oax., a 4 de junio de 2024.- En el d\u00eda 21 de la protesta magisterial, la irritaci\u00f3n social explot\u00f3:<\/p>\n\n\n\n<p>Al menos una treintena de lesionados, dos de ellos de bala; varios veh\u00edculos vandalizados y algunos profesores retenidos, el saldo de la violencia este martes.<\/p>\n\n\n\n<p>\u201c\u00a1V\u00e1yanse cabrones! \u00a1A chingar a su ma\u2026 a otro lado! \u00a1Dejen de estar perjudicando a nuestra gente! \u00a1D\u00e9jennos trabajar!\u201d.<\/p>\n\n\n\n<p>La advertencia de San Juan Bautista La Raya contra los plantonistas de la Secci\u00f3n 22 del SNTE se consum\u00f3 en hechos y estuvo a punto de derivar en tragedia.<\/p>\n\n\n\n<p>LA G\u00c9NESIS<\/p>\n\n\n\n<p>Tras las elecciones del pasado domingo, en que no efectuaron ninguna movilizaci\u00f3n, los integrantes del magisterio oaxaque\u00f1o decidieron bloquear ayer acceso a Ciudad Judicial, oficinas de gobierno en Reyes Mantec\u00f3n, Coyotepec.<\/p>\n\n\n\n<p>Y hoy lo hicieron en los accesos al aeropuerto internacional \u201cBenito Ju\u00e1rez\u201d, jurisdicci\u00f3n de Santa Cruz Xoxocotl\u00e1n, a unos cinco kil\u00f3metros al sur de la capital.<\/p>\n\n\n\n<p>La primera advertencia provino de vecinos de San Agust\u00edn de las Juntas, municipio conurbado a la terminal a\u00e9rea, que se molestaron porque los docentes estacionaron sus unidades de motor en un predio de la escuela \u201cIgnacio Zaragoza\u201d.<\/p>\n\n\n\n<p>Un grupo de padres de familia arrib\u00f3 para resguardar el terreno con sembrad\u00edo de alfalfa y coloc\u00f3 cinta amarilla para impedir el paso.<\/p>\n\n\n\n<figure class=\"wp-block-embed is-type-rich is-provider-twitter wp-block-embed-twitter\"><div class=\"wp-block-embed__wrapper\">\n<div class=\"twitter-tweet\"><blockquote class=\"twitter-tweet\" data-lang=\"es\"><p lang=\"es\" dir=\"ltr\"><a href=\"https:\/\/twitter.com\/hashtag\/%C3%9AltimoMinuto?src=hash&amp;ref_src=twsrc%5Etfw\">#\u00daltimoMinuto<\/a><br>Crece el hartazgo social contra los desmanes de los normalistas y de los maestros de la Secci\u00f3n 22 del SNTE.<br><br>Este mediod\u00eda, pobladores de San Juan Bautista La Raya, con palos y machetes, corren a los docentes de un predio de dicha localidad, adjunta al aeropuerto\u2026 <a href=\"https:\/\/t.co\/EL7kWTuvAi\">pic.twitter.com\/EL7kWTuvAi<\/a><\/p>&mdash; Zona Roja Oaxaca (@ZonaRoja_Oaxaca) <a href=\"https:\/\/twitter.com\/ZonaRoja_Oaxaca\/status\/1798057716361110011?ref_src=twsrc%5Etfw\">4 de junio de 2024<\/a><\/blockquote><\/div>\n<\/div><\/figure>\n\n\n\n<p>LA TRIFULCA<\/p>\n\n\n\n<p>Pero quienes tomaron la decisi\u00f3n de retirar a los maestros fueron los pobladores de La Raya, agencia de Xoxocotl\u00e1n, irritados porque imped\u00edan el tr\u00e1nsito de veh\u00edculos y de personas hacia dicha localidad.<\/p>\n\n\n\n<p>\u201c\u00a1Se van o los quitamos! \u00a1Fuera, no los queremos aqu\u00ed! \u00a1D\u00e9jennos trabajar! \u00a1Se van o los sacamos, se van o los enfierramos!\u201d, fue el grito a eso del mediod\u00eda.<\/p>\n\n\n\n<p>Con palos, machetes y armas de fuego, con disparos al aire, pobladores y taxistas, presuntamente de la Confederaci\u00f3n Joven, arremetieron contra los maestros, que tambi\u00e9n respondieron con violencia.<\/p>\n\n\n\n<p>La corretiza y los pedradas por doquier alcanzaron tambi\u00e9n a periodistas, con lesiones leves; lleg\u00f3 incluso a la retenci\u00f3n de algunos docentes, que despu\u00e9s fueron liberados.<\/p>\n\n\n\n<p>Fueron al menos dos enfrentamientos, sin que hubiera ni polic\u00eda municipal ni estatal ni la Guardia Nacional para establecer el orden.<\/p>\n\n\n\n<p>Alrededor de las tres de la tarde la situaci\u00f3n se destens\u00f3 y llegaron funcionarios de la Secretar\u00eda de Gobierno y de la Coordinaci\u00f3n de Delegados de Paz. Pero poco pudieron hacer para calmar los \u00e1nimos.<\/p>\n\n\n\n<p>LLAMADO A PAZ<\/p>\n\n\n\n<p>En un comunicado, el gobierno de Oaxaca reiter\u00f3 su llamado \u201ca las autoridades municipales y todos los actores pol\u00edticos y sociales a mantenerse en el marco de la legalidad y conducirse con estricto respeto a los derechos y libertades de todas las personas\u201d.<\/p>\n\n\n\n<p>Convoc\u00f3 a pobladores de la comunidad San Juan Bautista La Raya, a mantener una actitud de respeto y paz hacia la manifestaci\u00f3n que realizan integrantes de la Secci\u00f3n XXII del Sindicato Nacional de Trabajadores de la Educaci\u00f3n (SNTE) en inmediaciones de esta localidad perteneciente al municipio de Santa Cruz Xoxocotl\u00e1n.<\/p>\n\n\n\n<p>\u201cEl Gobierno del Estado, a trav\u00e9s de la Secretar\u00eda de Gobierno (Sego) solicitar\u00e1 a las instancias correspondientes investigar los hechos para deslindar responsabilidades.&nbsp;<\/p>\n\n\n\n<p>\u201cEn el lugar se encuentra un equipo de mediaci\u00f3n para solicitar la libertad de los maestros, y por medio del di\u00e1logo se busca restablecer el orden para mantener la paz y tranquilidad en la zona, y asegurar la confianza entre la poblaci\u00f3n\u201d, difundi\u00f3.<\/p>\n\n\n\n<p>Personal de la Fiscal\u00eda General del Estado de Oaxaca arrib\u00f3 al sitio para iniciar las indagatorias correspondientes. Hasta el momento no hay un saldo oficial de los da\u00f1os y de las personas lesionadas.<\/p>\n\n\n\n<p>Esta noche, poco despu\u00e9s de las 19:00 horas, integrantes del magisterio comenzaron a retirarse de los accesos al aeropuerto de Oaxaca. Pero amagan con reanudar su bloqueo ma\u00f1ana.<\/p>\n\n\n\n<figure class=\"wp-block-embed is-type-rich is-provider-twitter wp-block-embed-twitter\"><div class=\"wp-block-embed__wrapper\">\n<div class=\"twitter-tweet\"><blockquote class=\"twitter-tweet\" data-lang=\"es\"><p lang=\"es\" dir=\"ltr\"><a href=\"https:\/\/twitter.com\/hashtag\/%C3%9AltimoMinuto?src=hash&amp;ref_src=twsrc%5Etfw\">#\u00daltimoMinuto<\/a><br>Se sale de control la situaci\u00f3n en San Juan Bautista La Raya, Oaxaca. <br><br>Hay segundo enfrentamiento entre pobladores y maestros de la Secci\u00f3n 22 del SNTE, con palos, piedras y detonaciones de arma de fuego. <br><br>Ya hay personas lesionadas, veh\u00edculos da\u00f1ados y quema de\u2026 <a href=\"https:\/\/t.co\/olSOlNm5cJ\">pic.twitter.com\/olSOlNm5cJ<\/a><\/p>&mdash; Zona Roja Oaxaca (@ZonaRoja_Oaxaca) <a href=\"https:\/\/twitter.com\/ZonaRoja_Oaxaca\/status\/1798081705376727239?ref_src=twsrc%5Etfw\">4 de junio de 2024<\/a><\/blockquote><\/div>\n<\/div><\/figure>\n","protected":false},"excerpt":{"rendered":"<p>Ismael Garc\u00eda M.\/Zona Roja. Oaxaca de Ju\u00e1rez, Oax., a 4 de junio de 2024.- En&hellip;<\/p>\n","protected":false},"author":2,"featured_media":69079,"comment_status":"closed","ping_status":"open","sticky":false,"template":"","format":"standard","meta":{"_lmt_disableupdate":"","_lmt_disable":"","_jetpack_memberships_contains_paid_content":false,"footnotes":""},"categories":[109,47],"tags":[312],"class_list":["post-69078","post","type-post","status-publish","format-standard","has-post-thumbnail","hentry","category-minuto-a-minuto","category-zona-gris","tag-seccion-22-del-snte"],"jetpack_featured_media_url":"https:\/\/zonaroja.com.mx\/wp-content\/uploads\/2024\/06\/Enfrentamiento-maestros-y-San-Juan-Bautista-La-Raya.jpg","jetpack_sharing_enabled":true,"_links":{"self":[{"href":"https:\/\/zonaroja.com.mx\/index.php?rest_route=\/wp\/v2\/posts\/69078","targetHints":{"allow":["GET"]}}],"collection":[{"href":"https:\/\/zonaroja.com.mx\/index.php?rest_route=\/wp\/v2\/posts"}],"about":[{"href":"https:\/\/zonaroja.com.mx\/index.php?rest_route=\/wp\/v2\/types\/post"}],"author":[{"embeddable":true,"href":"https:\/\/zonaroja.com.mx\/index.php?rest_route=\/wp\/v2\/users\/2"}],"replies":[{"embeddable":true,"href":"https:\/\/zonaroja.com.mx\/index.php?rest_route=%2Fwp%2Fv2%2Fcomments&post=69078"}],"version-history":[{"count":1,"href":"https:\/\/zonaroja.com.mx\/index.php?rest_route=\/wp\/v2\/posts\/69078\/revisions"}],"predecessor-version":[{"id":69080,"href":"https:\/\/zonaroja.com.mx\/index.php?rest_route=\/wp\/v2\/posts\/69078\/revisions\/69080"}],"wp:featuredmedia":[{"embeddable":true,"href":"https:\/\/zonaroja.com.mx\/index.php?rest_route=\/wp\/v2\/media\/69079"}],"wp:attachment":[{"href":"https:\/\/zonaroja.com.mx\/index.php?rest_route=%2Fwp%2Fv2%2Fmedia&parent=69078"}],"wp:term":[{"taxonomy":"category","embeddable":true,"href":"https:\/\/zonaroja.com.mx\/index.php?rest_route=%2Fwp%2Fv2%2Fcategories&post=69078"},{"taxonomy":"post_tag","embeddable":true,"href":"https:\/\/zonaroja.com.mx\/index.php?rest_route=%2Fwp%2Fv2%2Ftags&post=69078"}],"curies":[{"name":"wp","href":"https:\/\/api.w.org\/{rel}","templated":true}]}}