{"id":69083,"date":"2024-06-05T06:38:00","date_gmt":"2024-06-05T12:38:00","guid":{"rendered":"https:\/\/zonaroja.com.mx\/?p=69083"},"modified":"2024-06-05T06:38:02","modified_gmt":"2024-06-05T12:38:02","slug":"por-tomarse-una-selfie-mujer-muere-arrollada-por-una-locomotora","status":"publish","type":"post","link":"https:\/\/zonaroja.com.mx\/?p=69083","title":{"rendered":"Por tomarse una \u201cselfie\u201d, mujer muere arrollada por una locomotora"},"content":{"rendered":"\n<p>Redacci\u00f3n\/Zona Roja Cdmx.<\/p>\n\n\n\n<p>Ciudad de M\u00e9xico, a 5 de junio de 2024.- En Nopala de Villagr\u00e1n, estado de Hidalgo, una mujer muri\u00f3 despu\u00e9s de ser golpeada por&nbsp;la locomotora \u2018La Emperatriz\u2018.<\/p>\n\n\n\n<p>En el municipio, varias personas se congregaron para documentar el paso del hist\u00f3rico tren de Canadian Pacific Kansas City (CPKC).<\/p>\n\n\n\n<p>Una mujer quiso tomarse una fotograf\u00eda muy cerca de la locomotora en movimiento, pero cuando esta pas\u00f3, le golpe\u00f3 la cabeza.<\/p>\n\n\n\n<p>Im\u00e1genes captadas por testigos muestran c\u00f3mo la mujer cae inmediatamente inconsciente tras el golpe. La v\u00edctima muri\u00f3 en el lugar, de acuerdo con reportes.<\/p>\n\n\n\n<p>Aunque la empresa no se ha pronunciado particularmente sobre este hecho, en redes sociales ha llamado a las personas a seguir medidas de seguridad para evitar accidentes relacionados con el paso del tren.<\/p>\n\n\n\n<p>\u2018The Empress 2816\u2019 parti\u00f3 de Calgary, en Canad\u00e1, el pasado 24 de abril y ha recorrido distintas localidades de ese pa\u00eds, de Estados Unidos, y ahora recorre M\u00e9xico.<\/p>\n\n\n\n<p>Se espera que \u2018La Emperatriz\u2019 llegue a la Ciudad de M\u00e9xico el pr\u00f3ximo 7 de junio y estar\u00e1 exhibida entre Ferrocarril de Cuernavaca y avenida R\u00edo San Joaqu\u00edn, en la alcald\u00eda Miguel Hidalgo.<\/p>\n\n\n\n<p>(Informaci\u00f3n de L\u00f3pez-D\u00f3riga Digital)<\/p>\n","protected":false},"excerpt":{"rendered":"<p>Redacci\u00f3n\/Zona Roja Cdmx. Ciudad de M\u00e9xico, a 5 de junio de 2024.- En Nopala de&hellip;<\/p>\n","protected":false},"author":2,"featured_media":69084,"comment_status":"closed","ping_status":"open","sticky":false,"template":"","format":"standard","meta":{"_lmt_disableupdate":"","_lmt_disable":"","_jetpack_memberships_contains_paid_content":false,"footnotes":""},"categories":[109,51],"tags":[],"class_list":["post-69083","post","type-post","status-publish","format-standard","has-post-thumbnail","hentry","category-minuto-a-minuto","category-zona-roja"],"jetpack_featured_media_url":"https:\/\/zonaroja.com.mx\/wp-content\/uploads\/2024\/06\/Mujer-golpeada-por-locomotora-Hidalgo.jpg","jetpack_sharing_enabled":true,"_links":{"self":[{"href":"https:\/\/zonaroja.com.mx\/index.php?rest_route=\/wp\/v2\/posts\/69083","targetHints":{"allow":["GET"]}}],"collection":[{"href":"https:\/\/zonaroja.com.mx\/index.php?rest_route=\/wp\/v2\/posts"}],"about":[{"href":"https:\/\/zonaroja.com.mx\/index.php?rest_route=\/wp\/v2\/types\/post"}],"author":[{"embeddable":true,"href":"https:\/\/zonaroja.com.mx\/index.php?rest_route=\/wp\/v2\/users\/2"}],"replies":[{"embeddable":true,"href":"https:\/\/zonaroja.com.mx\/index.php?rest_route=%2Fwp%2Fv2%2Fcomments&post=69083"}],"version-history":[{"count":1,"href":"https:\/\/zonaroja.com.mx\/index.php?rest_route=\/wp\/v2\/posts\/69083\/revisions"}],"predecessor-version":[{"id":69085,"href":"https:\/\/zonaroja.com.mx\/index.php?rest_route=\/wp\/v2\/posts\/69083\/revisions\/69085"}],"wp:featuredmedia":[{"embeddable":true,"href":"https:\/\/zonaroja.com.mx\/index.php?rest_route=\/wp\/v2\/media\/69084"}],"wp:attachment":[{"href":"https:\/\/zonaroja.com.mx\/index.php?rest_route=%2Fwp%2Fv2%2Fmedia&parent=69083"}],"wp:term":[{"taxonomy":"category","embeddable":true,"href":"https:\/\/zonaroja.com.mx\/index.php?rest_route=%2Fwp%2Fv2%2Fcategories&post=69083"},{"taxonomy":"post_tag","embeddable":true,"href":"https:\/\/zonaroja.com.mx\/index.php?rest_route=%2Fwp%2Fv2%2Ftags&post=69083"}],"curies":[{"name":"wp","href":"https:\/\/api.w.org\/{rel}","templated":true}]}}