{"id":69089,"date":"2024-06-05T09:00:00","date_gmt":"2024-06-05T15:00:00","guid":{"rendered":"https:\/\/zonaroja.com.mx\/?p=69089"},"modified":"2024-06-05T14:24:38","modified_gmt":"2024-06-05T20:24:38","slug":"repudia-la-seccion-represion-estatal-y-porril-en-cdmx-y-oaxaca","status":"publish","type":"post","link":"https:\/\/zonaroja.com.mx\/?p=69089","title":{"rendered":"Repudia la Secci\u00f3n 22 \u201crepresi\u00f3n estatal y porril\u201d en Cdmx y Oaxaca"},"content":{"rendered":"\n<p>Raymundo Morales\/Zona Roja.<\/p>\n\n\n\n<p>Oaxaca de Ju\u00e1rez, Oax., a 5 de junio de 2024.- Como represi\u00f3n y actos \u201cporriles\u201d calific\u00f3 la Secci\u00f3n 22 del Sindicato Nacional de Trabajadores de la Educaci\u00f3n (SNTE) los hechos violentos registrados ayer en Oaxaca y en la Ciudad de M\u00e9xico.<\/p>\n\n\n\n<p>\u201cLos grupos porriles han sido el instrumento del Estado para provocar y disuadir los movimientos sociales que defienden las causas justas y leg\u00edtimas\u201d, expuso en un comunicado de prensa emitido anoche.<\/p>\n\n\n\n<p>Fue en San Juan Bautista La Raya, agencia de Santa Cruz Xoxocotl\u00e1n colindante con el aeropuerto internacional \u201cBenito Ju\u00e1rez\u201d en se registraron al menos dos confrontaciones.<\/p>\n\n\n\n<p>Pobladores y taxistas, con palos, piedras, machetes y armas de fuego, confrontaron a los docentes que se manten\u00edan en protesta en la zona, para exigirles que se retiraran.<\/p>\n\n\n\n<p>Hasta el momento no hay cifra oficial de personas lesionadas, as\u00ed como veh\u00edculos da\u00f1ados.<\/p>\n\n\n\n<p>Este mi\u00e9rcoles, realizan una movilizaci\u00f3n masiva de la carretera Internacional 190, a la altura del crucero hacia el pante\u00f3n Jard\u00edn, Santa Luc\u00eda del Camino, hacia el z\u00f3calo, con la finalidad de repudiar los hechos de ayer que consideran represi\u00f3n.<\/p>\n\n\n\n<p>En su comunicado, la Secci\u00f3n 22 culp\u00f3 al Gobierno del Estado de usar \u201cgrupos de choque para dispersar una manifestaci\u00f3n pac\u00edfica\u201d en inmediaciones del aeropuerto internacional, \u201cen la cual resultaron varios compa\u00f1eros heridos, algunos con armas de fuego, adem\u00e1s de cuantiosos da\u00f1os materiales.<\/p>\n\n\n\n<p>\u201cMientras estos actos acontec\u00edan, el Movimiento Democr\u00e1tico de los Trabajadores de la Educaci\u00f3n del Estado de Oaxaca movilizado en la Ciudad de M\u00e9xico fijaba su posici\u00f3n a un costado de Palacio Nacional, donde la secretaria General, profesora Yenny Aracely P\u00e9rez Mart\u00ednez, quien reci\u00e9n sal\u00eda de la mesa entre la CNUN de la CNTE y Andr\u00e9s Manuel L\u00f3pez Obrador, brindaba la informaci\u00f3n a la vez que reprobaba lo acontecido en la ciudad de Oaxaca.<\/p>\n\n\n\n<p>\u201cA pesar de que se encontraba la estructura seccional iniciando el repliegue hacia el plant\u00f3n del z\u00f3calo, las fuerzas represivas al servicio del Estado comenzaron un encapsulamiento (sic) con la agresi\u00f3n directa, haciendo uso de extintores, escudos, vallas y todo aquello que pudiera lastimar a las bases movilizadas.&nbsp;<\/p>\n\n\n\n<p>\u201cEn ese salvaje ataque resultaron heridos 17 compa\u00f1eros, de los cuales siete requirieron hospitalizaci\u00f3n. Hasta el momento de la emisi\u00f3n del presente posicionamiento, no hay respuesta del Gobierno de la Ciudad de M\u00e9xico y Federal para la pronta atenci\u00f3n y la valoraci\u00f3n de las cuantiosas p\u00e9rdidas materiales que fueron causadas por la polic\u00eda del Estado represor\u201d, detall\u00f3 en su comunicado.<\/p>\n\n\n\n<p>Exuso que en el ocaso del gobierno de la autodenominada Cuarta transformaci\u00f3n \u201cse puede observar su tinte neoliberal al hacer uso de fuerzas policiacas en contra de la protesta social y del magisterio democr\u00e1tico, d\u00edas despu\u00e9s de haber asegurado la continuidad de su \u2018proyecto de naci\u00f3n\u2019.&nbsp;<\/p>\n\n\n\n<p>\u201cLejos qued\u00f3 el discurso de respetar la libre manifestaci\u00f3n y es por ello que, desde todos nuestros espacios fijamos nuestra posici\u00f3n de que \u2018gobierne quien gobierne, los derechos se defienden\u2019\u201d, a\u00f1adi\u00f3, al reiterar que el paro de labores iniciado el pasado 15 de mayo se mantendr\u00e1.<\/p>\n","protected":false},"excerpt":{"rendered":"<p>Raymundo Morales\/Zona Roja. Oaxaca de Ju\u00e1rez, Oax., a 5 de junio de 2024.- Como represi\u00f3n&hellip;<\/p>\n","protected":false},"author":2,"featured_media":69090,"comment_status":"closed","ping_status":"open","sticky":false,"template":"","format":"standard","meta":{"_lmt_disableupdate":"","_lmt_disable":"","_jetpack_memberships_contains_paid_content":false,"footnotes":""},"categories":[109,47],"tags":[312],"class_list":["post-69089","post","type-post","status-publish","format-standard","has-post-thumbnail","hentry","category-minuto-a-minuto","category-zona-gris","tag-seccion-22-del-snte"],"jetpack_featured_media_url":"https:\/\/zonaroja.com.mx\/wp-content\/uploads\/2024\/06\/La-Raya-y-maestros-enfrentamiento.jpeg","jetpack_sharing_enabled":true,"_links":{"self":[{"href":"https:\/\/zonaroja.com.mx\/index.php?rest_route=\/wp\/v2\/posts\/69089","targetHints":{"allow":["GET"]}}],"collection":[{"href":"https:\/\/zonaroja.com.mx\/index.php?rest_route=\/wp\/v2\/posts"}],"about":[{"href":"https:\/\/zonaroja.com.mx\/index.php?rest_route=\/wp\/v2\/types\/post"}],"author":[{"embeddable":true,"href":"https:\/\/zonaroja.com.mx\/index.php?rest_route=\/wp\/v2\/users\/2"}],"replies":[{"embeddable":true,"href":"https:\/\/zonaroja.com.mx\/index.php?rest_route=%2Fwp%2Fv2%2Fcomments&post=69089"}],"version-history":[{"count":2,"href":"https:\/\/zonaroja.com.mx\/index.php?rest_route=\/wp\/v2\/posts\/69089\/revisions"}],"predecessor-version":[{"id":69102,"href":"https:\/\/zonaroja.com.mx\/index.php?rest_route=\/wp\/v2\/posts\/69089\/revisions\/69102"}],"wp:featuredmedia":[{"embeddable":true,"href":"https:\/\/zonaroja.com.mx\/index.php?rest_route=\/wp\/v2\/media\/69090"}],"wp:attachment":[{"href":"https:\/\/zonaroja.com.mx\/index.php?rest_route=%2Fwp%2Fv2%2Fmedia&parent=69089"}],"wp:term":[{"taxonomy":"category","embeddable":true,"href":"https:\/\/zonaroja.com.mx\/index.php?rest_route=%2Fwp%2Fv2%2Fcategories&post=69089"},{"taxonomy":"post_tag","embeddable":true,"href":"https:\/\/zonaroja.com.mx\/index.php?rest_route=%2Fwp%2Fv2%2Ftags&post=69089"}],"curies":[{"name":"wp","href":"https:\/\/api.w.org\/{rel}","templated":true}]}}