{"id":69095,"date":"2024-06-05T10:28:00","date_gmt":"2024-06-05T16:28:00","guid":{"rendered":"https:\/\/zonaroja.com.mx\/?p=69095"},"modified":"2024-06-05T07:52:01","modified_gmt":"2024-06-05T13:52:01","slug":"investiga-la-fiscalia-dos-recientes-casos-de-maltrato-animal-en-oaxaca","status":"publish","type":"post","link":"https:\/\/zonaroja.com.mx\/?p=69095","title":{"rendered":"Investiga la Fiscal\u00eda dos recientes casos de maltrato animal en Oaxaca"},"content":{"rendered":"\n<p>Redacci\u00f3n\/Zona Roja.<\/p>\n\n\n\n<p>Oaxaca de Ju\u00e1rez, Oax., a 5 de junio de 2024.- La Fiscal\u00eda General del Estado de Oaxaca (FGEO) inici\u00f3 dos carpetas de investigaci\u00f3n a partir de la detecci\u00f3n de denuncias realizadas a trav\u00e9s de redes sociales, sobre la probable comisi\u00f3n de delitos de Crueldad y Agon\u00eda Animal, por los hechos ocurridos en Teotitl\u00e1n del Valle y Nazareno, Etla.<\/p>\n\n\n\n<p>El primero de los casos es por un video en el que se observa a un animal vertebrado (perro) que est\u00e1 atado a un veh\u00edculo de motor que lo arrastra, aparentemente por calles de Teotitl\u00e1n del Valle.<\/p>\n\n\n\n<p>Mientras que, la segunda carpeta de investigaci\u00f3n se inici\u00f3 a partir de un video en el que se observa a una mujer que golpea a un animal vertebrado, hechos que presumiblemente sucedieron al interior de un domicilio particular en la comunidad de Nazareno, Etla.<\/p>\n\n\n\n<p>Aunque no se han recibido denuncias penales por ambos casos, se iniciaron las labores legales que quedaron a cargo de la Unidad Operativa Especializada contra la Crueldad Animal perteneciente a la Vicefiscal\u00eda de Valles Centrales.<\/p>\n\n\n\n<p>La FGEO reitera su compromiso con la investigaci\u00f3n de cualquier tipo de violencia, adem\u00e1s que invita a realizar las denuncias correspondientes para hacer m\u00e1s s\u00f3lidas las investigaciones ministeriales.<\/p>\n\n\n\n<p>Fiscal\u00eda de Oaxaca obtiene fallo condenatorio por secuestro de una persona migrante, cometido en la regi\u00f3n del Istmo de Tehuantepec<\/p>\n\n\n\n<p>(Comunicado)<\/p>\n","protected":false},"excerpt":{"rendered":"<p>Redacci\u00f3n\/Zona Roja. Oaxaca de Ju\u00e1rez, Oax., a 5 de junio de 2024.- La Fiscal\u00eda General&hellip;<\/p>\n","protected":false},"author":2,"featured_media":69096,"comment_status":"closed","ping_status":"open","sticky":false,"template":"","format":"standard","meta":{"_lmt_disableupdate":"","_lmt_disable":"","_jetpack_memberships_contains_paid_content":false,"footnotes":""},"categories":[109,46],"tags":[869],"class_list":["post-69095","post","type-post","status-publish","format-standard","has-post-thumbnail","hentry","category-minuto-a-minuto","category-zona-blanca","tag-maltrato-animal-oaxaca"],"jetpack_featured_media_url":"https:\/\/zonaroja.com.mx\/wp-content\/uploads\/2024\/06\/Crueldad-animal-perro-Teotitlan-del-Valle.jpg","jetpack_sharing_enabled":true,"_links":{"self":[{"href":"https:\/\/zonaroja.com.mx\/index.php?rest_route=\/wp\/v2\/posts\/69095","targetHints":{"allow":["GET"]}}],"collection":[{"href":"https:\/\/zonaroja.com.mx\/index.php?rest_route=\/wp\/v2\/posts"}],"about":[{"href":"https:\/\/zonaroja.com.mx\/index.php?rest_route=\/wp\/v2\/types\/post"}],"author":[{"embeddable":true,"href":"https:\/\/zonaroja.com.mx\/index.php?rest_route=\/wp\/v2\/users\/2"}],"replies":[{"embeddable":true,"href":"https:\/\/zonaroja.com.mx\/index.php?rest_route=%2Fwp%2Fv2%2Fcomments&post=69095"}],"version-history":[{"count":1,"href":"https:\/\/zonaroja.com.mx\/index.php?rest_route=\/wp\/v2\/posts\/69095\/revisions"}],"predecessor-version":[{"id":69097,"href":"https:\/\/zonaroja.com.mx\/index.php?rest_route=\/wp\/v2\/posts\/69095\/revisions\/69097"}],"wp:featuredmedia":[{"embeddable":true,"href":"https:\/\/zonaroja.com.mx\/index.php?rest_route=\/wp\/v2\/media\/69096"}],"wp:attachment":[{"href":"https:\/\/zonaroja.com.mx\/index.php?rest_route=%2Fwp%2Fv2%2Fmedia&parent=69095"}],"wp:term":[{"taxonomy":"category","embeddable":true,"href":"https:\/\/zonaroja.com.mx\/index.php?rest_route=%2Fwp%2Fv2%2Fcategories&post=69095"},{"taxonomy":"post_tag","embeddable":true,"href":"https:\/\/zonaroja.com.mx\/index.php?rest_route=%2Fwp%2Fv2%2Ftags&post=69095"}],"curies":[{"name":"wp","href":"https:\/\/api.w.org\/{rel}","templated":true}]}}