{"id":69098,"date":"2024-06-05T11:30:00","date_gmt":"2024-06-05T17:30:00","guid":{"rendered":"https:\/\/zonaroja.com.mx\/?p=69098"},"modified":"2024-06-05T07:57:23","modified_gmt":"2024-06-05T13:57:23","slug":"suman-37-aspirantes-y-candidatos-asesinados-en-proceso-electoral","status":"publish","type":"post","link":"https:\/\/zonaroja.com.mx\/?p=69098","title":{"rendered":"Suman 37 aspirantes y candidatos asesinados en proceso electoral"},"content":{"rendered":"\n<p>Redaccci\u00f3n\/Zona Roja Cdmx.<\/p>\n\n\n\n<p>Ciudad de M\u00e9xico, a 5 de junio de 2024.- Un total de 37 aspirantes y candidatos fueron asesinados desde que comenz\u00f3 la campa\u00f1a hasta los comicios&nbsp;del domingo 2 de junio en M\u00e9xico, lo que la convirti\u00f3 en la elecci\u00f3n m\u00e1s violenta de la historia moderna del pa\u00eds, seg\u00fan comunic\u00f3 este martes la organizaci\u00f3n civil Causa en Com\u00fan.<\/p>\n\n\n\n<p>El proceso electoral que comenz\u00f3 en junio de 2023 y que acab\u00f3 el domingo con la victoria de la morenista, Claudia Sheinbaum, pasar\u00e1 a la historia como el m\u00e1s violento jam\u00e1s registrado en M\u00e9xico con un total de 63 actores pol\u00edticos muertos, 37 de ellos aspirantes a un cargo, tal y como cifr\u00f3 Causa en Com\u00fan en su informe.<\/p>\n\n\n\n<p>De las 32 entidades federativas del pa\u00eds, 17 sufrieron al menos el asesinato de un pol\u00edtico y, principalmente, la violencia se concentr\u00f3 en Guerrero, con 12 muertes; Chiapas, con 11, y Michoac\u00e1n, con siete asesinados.<\/p>\n\n\n\n<p>La mayor\u00eda de los asesinatos reportados, un 92 por ciento, fueron en el \u00e1mbito municipal y afectaron a todos los partidos pol\u00edticos.<\/p>\n\n\n\n<p>El 43 por ciento de los homicidios afect\u00f3 a la coalici\u00f3n oficialista Sigamos Haciendo Historia, un 42 % pertenec\u00eda al bloque opositor Fuerza y Coraz\u00f3n por M\u00e9xico, mientras que el resto se divide entre Movimiento Ciudadano y formaciones locales.<\/p>\n\n\n\n<p>Estas cifras superan las 30 muertes de candidatos registradas en la elecci\u00f3n de 2021 y a las 24 del 2018.<\/p>\n\n\n\n<p>La violencia estuvo presente incluso en la misma jornada electoral, cuando horas antes de la apertura de los centros de votaci\u00f3n, mataron al candidato a s\u00edndico por Cuitzeo, Michoac\u00e1n, Israel Delgado, de Partido del Trabajo (PT).<\/p>\n\n\n\n<p>Adem\u00e1s, tambi\u00e9n el domingo, la sede del Instituto Nacional Electoral (INE) en Ac\u00e1mbaro, Guanajuato, sufri\u00f3 un ataque con explosivos y, en Coyomeapan, Puebla, se suspendieron las votaciones por la irrupci\u00f3n de un grupo armado.<\/p>\n\n\n\n<p>M\u00e9xico enfrenta una criminalidad desbordada que debe reconocerse y enfrentarse con decisi\u00f3n pol\u00edtica y todos los instrumentos del Estado\u201d, denunci\u00f3 Causa en Com\u00fan.<\/p>\n\n\n\n<p>Las elecciones celebradas el domingo fueron las m\u00e1s grandes de la historia de M\u00e9xico porque m\u00e1s de 98 millones de personas estaban convocadas a las urnas para renovar m\u00e1s de 20 mil cargos, incluida la presidencia, los 500 esca\u00f1os de la C\u00e1mara de Diputados y los 128 del Senado.<\/p>\n\n\n\n<p>Estos comicios terminaron con la victoria de Sheinbaum, quien obtuvo entre un 58.3 y un 60.7 por ciento de los sufragios del domingo, seg\u00fan el conteo r\u00e1pido del INE.<\/p>\n\n\n\n<p>Alrededor de 30 puntos por debajo, se situ\u00f3 la opositora X\u00f3chitl G\u00e1lvez, quien recibi\u00f3 entre 26.6 y 28.6 por ciento, mientras que Jorge \u00c1lvarez M\u00e1ynez acapar\u00f3 entre 9.9 y 10.8 por ciento.<\/p>\n\n\n\n<p>(Con informaci\u00f3n de EFE, en L\u00f3pez-D\u00f3riga Digital)<\/p>\n","protected":false},"excerpt":{"rendered":"<p>Redaccci\u00f3n\/Zona Roja Cdmx. Ciudad de M\u00e9xico, a 5 de junio de 2024.- Un total de&hellip;<\/p>\n","protected":false},"author":2,"featured_media":68717,"comment_status":"closed","ping_status":"open","sticky":false,"template":"","format":"standard","meta":{"_lmt_disableupdate":"","_lmt_disable":"","_jetpack_memberships_contains_paid_content":false,"footnotes":""},"categories":[109,51],"tags":[1746],"class_list":["post-69098","post","type-post","status-publish","format-standard","has-post-thumbnail","hentry","category-minuto-a-minuto","category-zona-roja","tag-violencia-en-mexico"],"jetpack_featured_media_url":"https:\/\/zonaroja.com.mx\/wp-content\/uploads\/2024\/05\/Escena-crimen-1.jpeg","jetpack_sharing_enabled":true,"_links":{"self":[{"href":"https:\/\/zonaroja.com.mx\/index.php?rest_route=\/wp\/v2\/posts\/69098","targetHints":{"allow":["GET"]}}],"collection":[{"href":"https:\/\/zonaroja.com.mx\/index.php?rest_route=\/wp\/v2\/posts"}],"about":[{"href":"https:\/\/zonaroja.com.mx\/index.php?rest_route=\/wp\/v2\/types\/post"}],"author":[{"embeddable":true,"href":"https:\/\/zonaroja.com.mx\/index.php?rest_route=\/wp\/v2\/users\/2"}],"replies":[{"embeddable":true,"href":"https:\/\/zonaroja.com.mx\/index.php?rest_route=%2Fwp%2Fv2%2Fcomments&post=69098"}],"version-history":[{"count":1,"href":"https:\/\/zonaroja.com.mx\/index.php?rest_route=\/wp\/v2\/posts\/69098\/revisions"}],"predecessor-version":[{"id":69099,"href":"https:\/\/zonaroja.com.mx\/index.php?rest_route=\/wp\/v2\/posts\/69098\/revisions\/69099"}],"wp:featuredmedia":[{"embeddable":true,"href":"https:\/\/zonaroja.com.mx\/index.php?rest_route=\/wp\/v2\/media\/68717"}],"wp:attachment":[{"href":"https:\/\/zonaroja.com.mx\/index.php?rest_route=%2Fwp%2Fv2%2Fmedia&parent=69098"}],"wp:term":[{"taxonomy":"category","embeddable":true,"href":"https:\/\/zonaroja.com.mx\/index.php?rest_route=%2Fwp%2Fv2%2Fcategories&post=69098"},{"taxonomy":"post_tag","embeddable":true,"href":"https:\/\/zonaroja.com.mx\/index.php?rest_route=%2Fwp%2Fv2%2Ftags&post=69098"}],"curies":[{"name":"wp","href":"https:\/\/api.w.org\/{rel}","templated":true}]}}