{"id":69114,"date":"2024-06-05T21:04:28","date_gmt":"2024-06-06T03:04:28","guid":{"rendered":"https:\/\/zonaroja.com.mx\/?p=69114"},"modified":"2024-06-05T21:04:30","modified_gmt":"2024-06-06T03:04:30","slug":"en-el-istmo-un-ejecutado-y-embolsado-y-dos-lesionados","status":"publish","type":"post","link":"https:\/\/zonaroja.com.mx\/?p=69114","title":{"rendered":"En el Istmo, un ejecutado y embolsado y dos lesionados"},"content":{"rendered":"\n<p>Raymundo Morales\/Zona Roja.<\/p>\n\n\n\n<p>Oaxaca de Ju\u00e1rez, Oax., a 5 de junio de 2024.- Una persona ejecutada y embolsada, as\u00ed como dos m\u00e1s lesionadas de bala, es el saldo de dos hechos violentos ocurridos esta tarde-noche en la regi\u00f3n del Istmo de Tehuantepec.<\/p>\n\n\n\n<p>En Villa de San Blas Atempa, se registr\u00f3 una agresi\u00f3n armada en contra de dos personas que viajaban a bordo de una motocicleta; particulares arribaron para brindarles los servicios y trasladarlos a un hospital.<\/p>\n\n\n\n<p>Los hechos ocurrieron en la esquina de las calles de Constituci\u00f3n y Morelos, donde qued\u00f3 la unidad de motor, as\u00ed como varios impactos de arma de fuego; la zona fue acordonada por parte de elementos de la polic\u00eda municipal, en tanto la Vicefiscal\u00eda Regional del Istmo realiza las indagatorias correspondientes.<\/p>\n\n\n\n<p>EN TEHUANTEPEC<\/p>\n\n\n\n<p>Por otra parte, durante la tarde en un predio del barrio San Sebasti\u00e1n de Santo Domingo Tehuantepec, fue hallado un cuerpo sin vida, maniatada y en un costal.<\/p>\n\n\n\n<p>Personal de la Vicefiscal\u00eda Regional del Istmo realiz\u00f3 las acciones de investigaci\u00f3n preliminares y se detall\u00f3 que al parecer el cuerpo ya se encontraba en estado de descomposici\u00f3n y presentaba varios impactos de arma de fuego.<\/p>\n\n\n\n<p>Hasta el momento se desconocen los datos de la v\u00edctima y ser\u00e1 una vez que se realicen las actividades periciales cuando se revelen las causas de la muerte as\u00ed como la identidad.<\/p>\n","protected":false},"excerpt":{"rendered":"<p>Raymundo Morales\/Zona Roja. Oaxaca de Ju\u00e1rez, Oax., a 5 de junio de 2024.- Una persona&hellip;<\/p>\n","protected":false},"author":2,"featured_media":69115,"comment_status":"closed","ping_status":"open","sticky":false,"template":"","format":"standard","meta":{"_lmt_disableupdate":"","_lmt_disable":"","_jetpack_memberships_contains_paid_content":false,"footnotes":""},"categories":[109,51],"tags":[179],"class_list":["post-69114","post","type-post","status-publish","format-standard","has-post-thumbnail","hentry","category-minuto-a-minuto","category-zona-roja","tag-san-blas-atempa"],"jetpack_featured_media_url":"https:\/\/zonaroja.com.mx\/wp-content\/uploads\/2024\/06\/Ejecutado-y-embolsado-Tehuantepec.jpg","jetpack_sharing_enabled":true,"_links":{"self":[{"href":"https:\/\/zonaroja.com.mx\/index.php?rest_route=\/wp\/v2\/posts\/69114","targetHints":{"allow":["GET"]}}],"collection":[{"href":"https:\/\/zonaroja.com.mx\/index.php?rest_route=\/wp\/v2\/posts"}],"about":[{"href":"https:\/\/zonaroja.com.mx\/index.php?rest_route=\/wp\/v2\/types\/post"}],"author":[{"embeddable":true,"href":"https:\/\/zonaroja.com.mx\/index.php?rest_route=\/wp\/v2\/users\/2"}],"replies":[{"embeddable":true,"href":"https:\/\/zonaroja.com.mx\/index.php?rest_route=%2Fwp%2Fv2%2Fcomments&post=69114"}],"version-history":[{"count":1,"href":"https:\/\/zonaroja.com.mx\/index.php?rest_route=\/wp\/v2\/posts\/69114\/revisions"}],"predecessor-version":[{"id":69116,"href":"https:\/\/zonaroja.com.mx\/index.php?rest_route=\/wp\/v2\/posts\/69114\/revisions\/69116"}],"wp:featuredmedia":[{"embeddable":true,"href":"https:\/\/zonaroja.com.mx\/index.php?rest_route=\/wp\/v2\/media\/69115"}],"wp:attachment":[{"href":"https:\/\/zonaroja.com.mx\/index.php?rest_route=%2Fwp%2Fv2%2Fmedia&parent=69114"}],"wp:term":[{"taxonomy":"category","embeddable":true,"href":"https:\/\/zonaroja.com.mx\/index.php?rest_route=%2Fwp%2Fv2%2Fcategories&post=69114"},{"taxonomy":"post_tag","embeddable":true,"href":"https:\/\/zonaroja.com.mx\/index.php?rest_route=%2Fwp%2Fv2%2Ftags&post=69114"}],"curies":[{"name":"wp","href":"https:\/\/api.w.org\/{rel}","templated":true}]}}