{"id":69120,"date":"2024-06-06T07:08:16","date_gmt":"2024-06-06T13:08:16","guid":{"rendered":"https:\/\/zonaroja.com.mx\/?p=69120"},"modified":"2024-06-06T07:08:18","modified_gmt":"2024-06-06T13:08:18","slug":"cae-banda-delictiva-que-robo-trailer-con-acero-en-valle-de-etla-oaxaca","status":"publish","type":"post","link":"https:\/\/zonaroja.com.mx\/?p=69120","title":{"rendered":"Cae banda delictiva que rob\u00f3 tr\u00e1iler con acero en valle de Etla, Oaxaca"},"content":{"rendered":"\n<p>Redacci\u00f3n\/Zona Roja.&nbsp;<\/p>\n\n\n\n<p>Oaxaca de Ju\u00e1rez, Oax., a 6 de junio de 2024.- Como resultado de los trabajos de inteligencia que realiza la Fiscal\u00eda General del Estado de Oaxaca (FGEO), elementos de la Agencia Estatal de Investigaciones (AEI) detuvieron a seis personas cuando descargaban un tractocami\u00f3n con acero, el cual contaba con reporte de robo.&nbsp;<\/p>\n\n\n\n<p>Los hechos ocurrieron en inmediaciones de Santiago Suchilquitongo, donde, al llegar, los agentes fueron agredidos con disparos de arma de fuego.<\/p>\n\n\n\n<p>Durante la ma\u00f1ana de este mi\u00e9rcoles 5 de junio de 2024, la FGEO recibi\u00f3 un reporte de C-4, en el que informaba sobre el robo de un tractocami\u00f3n cargado con acero. Al momento, un equipo de la AEI se desplaz\u00f3 para dar con el paradero del veh\u00edculo.<\/p>\n\n\n\n<p>Al recorrer la carretera federal 190, a la altura del municipio de Santiago Suchilquitongo, en la regi\u00f3n de los Valles Centrales, observaron que varias personas trabajaban en la carga y descarga de acero, trasladando el material del tractocami\u00f3n a otro veh\u00edculo.<\/p>\n\n\n\n<p>Cuando los elementos de la AEI se aproximaron aplicando los protocolos correspondientes, fueron agredidos con disparos de arma de fuego, sin que resultaran personas lesionadas, en cambio se logr\u00f3 la detenci\u00f3n de seis personas del sexo masculino.<\/p>\n\n\n\n<p>Adem\u00e1s que se logr\u00f3 el aseguramiento de un tractocami\u00f3n cargado con acero, as\u00ed como una camioneta de tres toneladas y una retroexcavadora.<\/p>\n\n\n\n<p>Al procesar los datos, los trabajos de inteligencia revelaron que se trata de una banda dedicada al robo de veh\u00edculos, por la cual se investigan otros casos del mismo tipo con los que podr\u00edan estar relacionados.<\/p>\n","protected":false},"excerpt":{"rendered":"<p>Redacci\u00f3n\/Zona Roja.&nbsp; Oaxaca de Ju\u00e1rez, Oax., a 6 de junio de 2024.- Como resultado de&hellip;<\/p>\n","protected":false},"author":2,"featured_media":69121,"comment_status":"closed","ping_status":"open","sticky":false,"template":"","format":"standard","meta":{"_lmt_disableupdate":"","_lmt_disable":"","_jetpack_memberships_contains_paid_content":false,"footnotes":""},"categories":[109,46],"tags":[494],"class_list":["post-69120","post","type-post","status-publish","format-standard","has-post-thumbnail","hentry","category-minuto-a-minuto","category-zona-blanca","tag-fiscalia-general-del-estado-de-oaxaca"],"jetpack_featured_media_url":"https:\/\/zonaroja.com.mx\/wp-content\/uploads\/2024\/06\/Banda-roba-trailer-Suchilquitongo-Fiscalia.jpg","jetpack_sharing_enabled":true,"_links":{"self":[{"href":"https:\/\/zonaroja.com.mx\/index.php?rest_route=\/wp\/v2\/posts\/69120","targetHints":{"allow":["GET"]}}],"collection":[{"href":"https:\/\/zonaroja.com.mx\/index.php?rest_route=\/wp\/v2\/posts"}],"about":[{"href":"https:\/\/zonaroja.com.mx\/index.php?rest_route=\/wp\/v2\/types\/post"}],"author":[{"embeddable":true,"href":"https:\/\/zonaroja.com.mx\/index.php?rest_route=\/wp\/v2\/users\/2"}],"replies":[{"embeddable":true,"href":"https:\/\/zonaroja.com.mx\/index.php?rest_route=%2Fwp%2Fv2%2Fcomments&post=69120"}],"version-history":[{"count":1,"href":"https:\/\/zonaroja.com.mx\/index.php?rest_route=\/wp\/v2\/posts\/69120\/revisions"}],"predecessor-version":[{"id":69122,"href":"https:\/\/zonaroja.com.mx\/index.php?rest_route=\/wp\/v2\/posts\/69120\/revisions\/69122"}],"wp:featuredmedia":[{"embeddable":true,"href":"https:\/\/zonaroja.com.mx\/index.php?rest_route=\/wp\/v2\/media\/69121"}],"wp:attachment":[{"href":"https:\/\/zonaroja.com.mx\/index.php?rest_route=%2Fwp%2Fv2%2Fmedia&parent=69120"}],"wp:term":[{"taxonomy":"category","embeddable":true,"href":"https:\/\/zonaroja.com.mx\/index.php?rest_route=%2Fwp%2Fv2%2Fcategories&post=69120"},{"taxonomy":"post_tag","embeddable":true,"href":"https:\/\/zonaroja.com.mx\/index.php?rest_route=%2Fwp%2Fv2%2Ftags&post=69120"}],"curies":[{"name":"wp","href":"https:\/\/api.w.org\/{rel}","templated":true}]}}