{"id":69126,"date":"2024-06-06T09:30:00","date_gmt":"2024-06-06T15:30:00","guid":{"rendered":"https:\/\/zonaroja.com.mx\/?p=69126"},"modified":"2024-06-06T07:36:46","modified_gmt":"2024-06-06T13:36:46","slug":"ni-limpia-ni-democratica-ni-legitima-las-elecciones-en-mexico-pan","status":"publish","type":"post","link":"https:\/\/zonaroja.com.mx\/?p=69126","title":{"rendered":"Ni limpia ni democr\u00e1tica ni leg\u00edtima, las elecciones en M\u00e9xico: PAN"},"content":{"rendered":"\n<p>Ismael Garc\u00eda M.\/Zona Roja.<\/p>\n\n\n\n<p>Oaxaca de Ju\u00e1rez, Oax., a 6 de junio de 2024.- Los resultados de las elecciones en M\u00e9xico favorecen a un modelo autoritario que anula la democracia y el equilibrio de poderes.&nbsp;<\/p>\n\n\n\n<p>\u201cNo fue limpia ni leg\u00edtima, pero reconocemos la voluntad de la mayor\u00eda de las y los mexicanos que salieron a votar\u201d, destac\u00f3 la presidenta estatal del Partido Acci\u00f3n Nacional (PAN), Perla Woolrich Fern\u00e1ndez.<\/p>\n\n\n\n<p>En conferencia de prensa, destac\u00f3 la valent\u00eda y la fuerza con la que X\u00f3chitl G\u00e1lvez luch\u00f3 desde el primer momento para encabezar un cambio en el pa\u00eds. \u201cGracias a las y los m\u00e1s de 17 millones de ciudadanos que votaron por X\u00f3chitl. Nos estamos satisfechos con los resultados, porque son producto de una elecci\u00f3n de Estado.&nbsp;<\/p>\n\n\n\n<p>\u201cA lo largo del proceso electoral hubo una reiterada e ilegal intervenci\u00f3n del Presidente (Andr\u00e9s Manuel L\u00f3pez Obrador) para favorecer a su partido, usando recursos p\u00fablicos\u201d, manifest\u00f3 en un posicionamiento le\u00eddo ante la prensa.<\/p>\n\n\n\n<p>Perla Woolrich se\u00f1al\u00f3 que de manera oportuna denunciaron las irregularidades tanto durante la campa\u00f1a pol\u00edtica como durante la jornada comicial; \u201cy por supuesto vamos a ir hasta sus \u00faltimas consecuencias, porque esta actitud antidemocr\u00e1tica debe ser sancionada y desterrada\u201d.<\/p>\n\n\n\n<p>Expuso que el PAN no est\u00e1 de acuerdo con los resultados \u201cporque fueron las elecciones m\u00e1s violentas que hayamos tenido, con m\u00e1s de 800 atentados durante las campa\u00f1as y una intervenci\u00f3n clara del crimen organizado para controlar territorios\u201d<\/p>\n\n\n\n<p>\u201cEn consecuencia, por todas la irregularidades habidas en el proceso electoral 2023-2024, impugnaremos la elecci\u00f3n desde su inicio hasta su conclusi\u00f3n por la intervenci\u00f3n directa que tuvo en ella el Presidente de la Rep\u00fablica, Andr\u00e9s Manuel Lopez Obrador; el Gobernador del Estado, Salom\u00f3n Jara Cruz; el crimen organizado y dem\u00e1s operadores que sirvieron para inhibir la participaci\u00f3n de la sociedad en este proceso electoral\u201d.<\/p>\n\n\n\n<p>Durante la conferencia de prensa, se expuso adem\u00e1s una serie de probables irregularidades en el conteo de votos, as\u00ed como los hechos de violencia en Oaxaca, entre ellos el asesinato del candidato del PRI a la presidencia municipal de Santo Domingo Armenta.<\/p>\n\n\n\n<figure class=\"wp-block-embed is-type-rich is-provider-twitter wp-block-embed-twitter\"><div class=\"wp-block-embed__wrapper\">\n<div class=\"twitter-tweet\"><blockquote class=\"twitter-tweet\" data-lang=\"es\"><p lang=\"es\" dir=\"ltr\">1. En conferencia de prensa, la dirigente del PAN en Oaxaca, <a href=\"https:\/\/twitter.com\/PerlaWoolrich?ref_src=twsrc%5Etfw\">@PerlaWoolrich<\/a>, consider\u00f3 que hubo m\u00faltiples irregularidades durante el pasado proceso electoral y responsabiliz\u00f3 a la presidenta del <a href=\"https:\/\/twitter.com\/INEMexico?ref_src=twsrc%5Etfw\">@INEMexico<\/a>, <a href=\"https:\/\/twitter.com\/GuadalupeTadei?ref_src=twsrc%5Etfw\">@GuadalupeTadei<\/a>; puso ejemplo del repentino cambio de las cifras, cuando\u2026 <a href=\"https:\/\/t.co\/flMhF66v2O\">pic.twitter.com\/flMhF66v2O<\/a><\/p>&mdash; Zona Roja Oaxaca (@ZonaRoja_Oaxaca) <a href=\"https:\/\/twitter.com\/ZonaRoja_Oaxaca\/status\/1798416469702635626?ref_src=twsrc%5Etfw\">5 de junio de 2024<\/a><\/blockquote><\/div>\n<\/div><\/figure>\n","protected":false},"excerpt":{"rendered":"<p>Ismael Garc\u00eda M.\/Zona Roja. Oaxaca de Ju\u00e1rez, Oax., a 6 de junio de 2024.- Los&hellip;<\/p>\n","protected":false},"author":2,"featured_media":69127,"comment_status":"closed","ping_status":"open","sticky":false,"template":"","format":"standard","meta":{"_lmt_disableupdate":"","_lmt_disable":"","_jetpack_memberships_contains_paid_content":false,"footnotes":""},"categories":[109,46],"tags":[3874],"class_list":["post-69126","post","type-post","status-publish","format-standard","has-post-thumbnail","hentry","category-minuto-a-minuto","category-zona-blanca","tag-perla-woolrich"],"jetpack_featured_media_url":"https:\/\/zonaroja.com.mx\/wp-content\/uploads\/2024\/06\/Conferencia-PAN-Perla-Woolrich.jpg","jetpack_sharing_enabled":true,"_links":{"self":[{"href":"https:\/\/zonaroja.com.mx\/index.php?rest_route=\/wp\/v2\/posts\/69126","targetHints":{"allow":["GET"]}}],"collection":[{"href":"https:\/\/zonaroja.com.mx\/index.php?rest_route=\/wp\/v2\/posts"}],"about":[{"href":"https:\/\/zonaroja.com.mx\/index.php?rest_route=\/wp\/v2\/types\/post"}],"author":[{"embeddable":true,"href":"https:\/\/zonaroja.com.mx\/index.php?rest_route=\/wp\/v2\/users\/2"}],"replies":[{"embeddable":true,"href":"https:\/\/zonaroja.com.mx\/index.php?rest_route=%2Fwp%2Fv2%2Fcomments&post=69126"}],"version-history":[{"count":1,"href":"https:\/\/zonaroja.com.mx\/index.php?rest_route=\/wp\/v2\/posts\/69126\/revisions"}],"predecessor-version":[{"id":69128,"href":"https:\/\/zonaroja.com.mx\/index.php?rest_route=\/wp\/v2\/posts\/69126\/revisions\/69128"}],"wp:featuredmedia":[{"embeddable":true,"href":"https:\/\/zonaroja.com.mx\/index.php?rest_route=\/wp\/v2\/media\/69127"}],"wp:attachment":[{"href":"https:\/\/zonaroja.com.mx\/index.php?rest_route=%2Fwp%2Fv2%2Fmedia&parent=69126"}],"wp:term":[{"taxonomy":"category","embeddable":true,"href":"https:\/\/zonaroja.com.mx\/index.php?rest_route=%2Fwp%2Fv2%2Fcategories&post=69126"},{"taxonomy":"post_tag","embeddable":true,"href":"https:\/\/zonaroja.com.mx\/index.php?rest_route=%2Fwp%2Fv2%2Ftags&post=69126"}],"curies":[{"name":"wp","href":"https:\/\/api.w.org\/{rel}","templated":true}]}}